{"id":14364,"date":"2024-12-02T10:49:36","date_gmt":"2024-12-02T08:49:36","guid":{"rendered":"https:\/\/unatc.ro\/devunatc\/?p=14364"},"modified":"2025-11-26T15:41:31","modified_gmt":"2025-11-26T13:41:31","slug":"saptamana-diversitatii","status":"publish","type":"post","link":"https:\/\/unatc.ro\/devunatc\/saptamana-diversitatii\/","title":{"rendered":"S\u0103pt\u0103m\u00e2na diversit\u0103\u021bii 2024","gt_translate_keys":[{"key":"rendered","format":"text"}]},"content":{"rendered":"\n<p>Cu ocazia zilei de 3 decembrie, c\u00e2nd este marcat\u0103 anual Ziua Interna\u0163ional\u0103 a Persoanelor cu Dizabilit\u0103\u0163i, UNATC \u201eI.L. Caragiale\u201d organizeaz\u0103, \u00een s\u0103pt\u0103m\u00e2na 2-6 decembrie, diverse activit\u0103\u021bi de con\u0219tientizare, sensibilizare, dezvoltare a empatiei \u0219i a deschiderii fa\u021b\u0103 de persoanele cu cerin\u021be educa\u021bionale speciale, \u00een vederea combaterii stereotipurilor \u0219i prejudec\u0103\u021bilor.<\/p>\n\n\n\n<p>Evenimentele se adreseaz\u0103 exclusiv comunit\u0103\u021bii UNATC.<\/p>\n\n\n\n<p>Conferin\u021ba din 4 decembrie este deschis\u0103 tuturor celor interesa\u021bi s\u0103 afle despre modalit\u0103\u021bi de accesibilizare ale activit\u0103\u021bilor din domeniul artistic pentru publicul alc\u0103tuit din persoane cu abilit\u0103\u021bi diferite.<br><\/p>\n\n\n\n<p><strong>14:30-20:00, Sala Multifunc\u021bional\u0103, sediul UNATC din strada Tudor Arghezi 3b \u0219i online pe Zoom<br><\/strong><\/p>\n\n\n\n<h2 class=\"wp-block-heading\"><strong>PROGRAM<\/strong><\/h2>\n\n\n\n<p><strong>Luni, 2 decembrie<\/strong><br><strong>17:30-19:00<\/strong> &#8211; Zoom, Link: <a href=\"https:\/\/us06web.zoom.us\/j\/83248445332?pwd=FrYm5IamPk3jFXtGmd9Ln349kxlATA.1\">web.zoom.us<\/a> &#8211; Meeting ID: 832 4844 5332 &#8211; Parola: 498522\u00a0<\/p>\n\n\n\n<p>Sesiune pe tema incluziunii sociale \u0219i metode pedagogice necesare \u00een lucrul cu persoanele cu cerin\u021be educa\u021bionale speciale, sus\u021binut\u0103 de psih. clinician Raluca Oancea<\/p>\n\n\n\n<p><strong>Mar\u021bi, 3 decembrie<\/strong><br><strong>16:00-17:00<\/strong>, Sala Multifunc\u021bional\u0103, sediul UNATC din strada Tudor Arghezi 3b\u00a0<\/p>\n\n\n\n<p>Proiec\u021bie film de scurt metraj, <em>Scuze, sunt mut! <\/em>\u00een regia lui Michael Cuptor. Vizionarea va fi urmat\u0103 de o discu\u021bie moderat\u0103 de un specialist \u00een interac\u021biunea cu persoanele cu cerin\u021be educa\u021bionale speciale.<\/p>\n\n\n\n<p><strong>Miercuri, 4 decembrie<\/strong><br><strong>14:30-20:00<\/strong>, Sala Multifunc\u021bional\u0103, sediul UNATC din strada Tudor Arghezi 3b | Zoom<\/p>\n\n\n\n<p>Link: <a href=\"https:\/\/us06web.zoom.us\/j\/84830034095?pwd=PgDDCIUPHoNRJHvW7Kbzp1rTMPmIiJ.1\">web.zoom.us<\/a> &#8211; Meeting ID: 848 3003 4095 &#8211; Parola: 254230<\/p>\n\n\n\n<p>Conferin\u021ba academic\u0103 <strong>Acces la succes, <\/strong>axat\u0103 pe diseminarea de practici inovatoare pentru crearea unui spa\u021biu academic incluziv, conferin\u021ba vizeaz\u0103 urm\u0103toarele direc\u021bii:<\/p>\n\n\n\n<ul class=\"wp-block-list\">\n<li><em>Tehnici de incluziune. Mentorat \u0219i sprijin pentru grupuri subreprezentate;&nbsp;<\/em><\/li>\n\n\n\n<li><em>Metode de predare incluzive. Politici antidiscriminare;<\/em><\/li>\n\n\n\n<li><em>Diversitatea \u0219i echitatea \u00een educa\u021bie. Climatul social \u0219i psihologic.<\/em>&nbsp;<\/li>\n<\/ul>\n\n\n\n<p>Formatul activit\u0103\u021bii cuprinde prelegeri, comunic\u0103ri \u0219i dezbateri interdisciplinare, urmate de sesiuni de \u00eentreb\u0103ri \u0219i r\u0103spunsuri.&nbsp;<\/p>\n\n\n\n<p><strong>Joi, 5 decembrie<\/strong><br><strong>15:00-16:30<\/strong>, UNATC, atelier destinat studen\u021bilor UNATC, \u00een vederea facilit\u0103rii deschiderii fa\u021b\u0103 de persoanele cu dizabilit\u0103\u021bi \u0219i combaterii stereotipurilor \u0219i prejudec\u0103\u021bilor;<br><strong>18:30-20:30<\/strong>, Sala Albastr\u0103, UNATC, proiec\u021bie filme cu pove\u0219ti ale unor persoane care au diferite dizabilit\u0103\u021bi &#8211; activitate destinat\u0103 studen\u021bilor UNATC\u00a0;<\/p>\n\n\n\n<hr class=\"wp-block-separator has-alpha-channel-opacity\"\/>\n\n\n\n<p><strong>Vineri, 6 decembrie<\/strong><br><strong>15:00-16:30<\/strong>, UNATC, atelier destinat studen\u021bilor UNATC, \u00een vederea facilit\u0103rii deschiderii fa\u021b\u0103 de persoanele cu dizabilit\u0103\u021bi \u0219i combaterii stereotipurilor \u0219i prejudec\u0103\u021bilor;<br><strong>18:30-20:30<\/strong>, Sala Albastr\u0103, UNATC, proiec\u021bie filme cu pove\u0219ti ale unor persoane care au diferite dizabilit\u0103\u021bi &#8211; activitate destinat\u0103 studen\u021bilor UNATC\u00a0;<\/p>\n\n\n\n<p><\/p>\n\n\n\n<p>\u00cen cadrul conferin\u021bei, vor fi sus\u021binute diferite comunic\u0103ri cu privire la accesibilizare \u00een contextul activit\u0103\u021bii artistice, precum \u0219i o sesiune de dezbatere interactiv\u0103 cu privire la provoc\u0103rile \u0219i oportunit\u0103\u021bile accesibiliz\u0103rii la nivel academic.<\/p>\n\n\n\n<p>Activit\u0103\u021bile sunt organizate \u00een cadrul proiectului \u201eAcces la succes\u201d (CNFIS-FDI-2024-F-0324), finan\u021bat de Ministerul Educa\u021biei, prin FDI 2024.<\/p>\n","protected":false,"gt_translate_keys":[{"key":"rendered","format":"html"}]},"excerpt":{"rendered":"<p class=\"no-padding\">Cu ocazia zilei de 3 decembrie, c\u00e2nd este marcat\u0103 anual Ziua Interna\u0163ional\u0103 a Persoanelor cu Dizabilit\u0103\u0163i, UNATC \u201eI.L. Caragiale\u201d organizeaz\u0103,&#8230;<\/p>\n","protected":false,"gt_translate_keys":[{"key":"rendered","format":"html"}]},"author":1,"featured_media":14365,"comment_status":"closed","ping_status":"closed","sticky":false,"template":"template-newsgeneral.php","format":"standard","meta":{"_jetpack_memberships_contains_paid_content":false,"footnotes":""},"categories":[180,215,178],"tags":[],"erasmus_universities_programs":[],"class_list":["post-14364","post","type-post","status-publish","format-standard","has-post-thumbnail","hentry","category-anunturi","category-conferinta","category-evenimente"],"acf":{"alternative_page_title":"","page_contact_email":""},"yoast_head":"<!-- This site is optimized with the Yoast SEO plugin v27.4 - https:\/\/yoast.com\/product\/yoast-seo-wordpress\/ -->\n<title>S\u0103pt\u0103m\u00e2na diversit\u0103\u021bii 2024 - UNATC<\/title>\n<meta name=\"robots\" content=\"index, follow, max-snippet:-1, max-image-preview:large, max-video-preview:-1\" \/>\n<link rel=\"canonical\" href=\"https:\/\/unatc.ro\/devunatc\/saptamana-diversitatii\/\" \/>\n<meta property=\"og:locale\" content=\"en_US\" \/>\n<meta property=\"og:type\" content=\"article\" \/>\n<meta property=\"og:title\" content=\"S\u0103pt\u0103m\u00e2na diversit\u0103\u021bii 2024 - UNATC\" \/>\n<meta property=\"og:description\" content=\"Cu ocazia zilei de 3 decembrie, c\u00e2nd este marcat\u0103 anual Ziua Interna\u0163ional\u0103 a Persoanelor cu Dizabilit\u0103\u0163i, UNATC \u201eI.L. Caragiale\u201d organizeaz\u0103,...\" \/>\n<meta property=\"og:url\" content=\"https:\/\/unatc.ro\/devunatc\/saptamana-diversitatii\/\" \/>\n<meta property=\"og:site_name\" content=\"UNATC\" \/>\n<meta property=\"article:publisher\" content=\"https:\/\/www.facebook.com\/UNATC.ILC\/\" \/>\n<meta property=\"article:published_time\" content=\"2024-12-02T08:49:36+00:00\" \/>\n<meta property=\"article:modified_time\" content=\"2025-11-26T13:41:31+00:00\" \/>\n<meta property=\"og:image\" content=\"https:\/\/unatc.ro\/devunatc\/wp-content\/uploads\/2024\/12\/saptamana_diversitatii_IG_2024.jpg\" \/>\n\t<meta property=\"og:image:width\" content=\"2480\" \/>\n\t<meta property=\"og:image:height\" content=\"2480\" \/>\n\t<meta property=\"og:image:type\" content=\"image\/jpeg\" \/>\n<meta name=\"author\" content=\"UNATC\" \/>\n<meta name=\"twitter:card\" content=\"summary_large_image\" \/>\n<meta name=\"twitter:label1\" content=\"Written by\" \/>\n\t<meta name=\"twitter:data1\" content=\"UNATC\" \/>\n\t<meta name=\"twitter:label2\" content=\"Est. reading time\" \/>\n\t<meta name=\"twitter:data2\" content=\"2 minutes\" \/>\n<script type=\"application\/ld+json\" class=\"yoast-schema-graph\">{\"@context\":\"https:\\\/\\\/schema.org\",\"@graph\":[{\"@type\":\"Article\",\"@id\":\"https:\\\/\\\/unatc.ro\\\/devunatc\\\/saptamana-diversitatii\\\/#article\",\"isPartOf\":{\"@id\":\"https:\\\/\\\/unatc.ro\\\/devunatc\\\/saptamana-diversitatii\\\/\"},\"author\":{\"name\":\"UNATC\",\"@id\":\"https:\\\/\\\/unatc.ro\\\/devunatc\\\/#\\\/schema\\\/person\\\/85e7b817ed0b809757118b210739e5c8\"},\"headline\":\"S\u0103pt\u0103m\u00e2na diversit\u0103\u021bii 2024\",\"datePublished\":\"2024-12-02T08:49:36+00:00\",\"dateModified\":\"2025-11-26T13:41:31+00:00\",\"mainEntityOfPage\":{\"@id\":\"https:\\\/\\\/unatc.ro\\\/devunatc\\\/saptamana-diversitatii\\\/\"},\"wordCount\":468,\"publisher\":{\"@id\":\"https:\\\/\\\/unatc.ro\\\/devunatc\\\/#organization\"},\"image\":{\"@id\":\"https:\\\/\\\/unatc.ro\\\/devunatc\\\/saptamana-diversitatii\\\/#primaryimage\"},\"thumbnailUrl\":\"https:\\\/\\\/unatc.ro\\\/devunatc\\\/wp-content\\\/uploads\\\/2024\\\/12\\\/saptamana_diversitatii_IG_2024.jpg\",\"articleSection\":[\"Anun\u021buri\",\"Conferin\u021b\u0103\",\"Evenimente\"],\"inLanguage\":\"en-US\"},{\"@type\":\"WebPage\",\"@id\":\"https:\\\/\\\/unatc.ro\\\/devunatc\\\/saptamana-diversitatii\\\/\",\"url\":\"https:\\\/\\\/unatc.ro\\\/devunatc\\\/saptamana-diversitatii\\\/\",\"name\":\"S\u0103pt\u0103m\u00e2na diversit\u0103\u021bii 2024 - UNATC\",\"isPartOf\":{\"@id\":\"https:\\\/\\\/unatc.ro\\\/devunatc\\\/#website\"},\"primaryImageOfPage\":{\"@id\":\"https:\\\/\\\/unatc.ro\\\/devunatc\\\/saptamana-diversitatii\\\/#primaryimage\"},\"image\":{\"@id\":\"https:\\\/\\\/unatc.ro\\\/devunatc\\\/saptamana-diversitatii\\\/#primaryimage\"},\"thumbnailUrl\":\"https:\\\/\\\/unatc.ro\\\/devunatc\\\/wp-content\\\/uploads\\\/2024\\\/12\\\/saptamana_diversitatii_IG_2024.jpg\",\"datePublished\":\"2024-12-02T08:49:36+00:00\",\"dateModified\":\"2025-11-26T13:41:31+00:00\",\"breadcrumb\":{\"@id\":\"https:\\\/\\\/unatc.ro\\\/devunatc\\\/saptamana-diversitatii\\\/#breadcrumb\"},\"inLanguage\":\"en-US\",\"potentialAction\":[{\"@type\":\"ReadAction\",\"target\":[\"https:\\\/\\\/unatc.ro\\\/devunatc\\\/saptamana-diversitatii\\\/\"]}]},{\"@type\":\"ImageObject\",\"inLanguage\":\"en-US\",\"@id\":\"https:\\\/\\\/unatc.ro\\\/devunatc\\\/saptamana-diversitatii\\\/#primaryimage\",\"url\":\"https:\\\/\\\/unatc.ro\\\/devunatc\\\/wp-content\\\/uploads\\\/2024\\\/12\\\/saptamana_diversitatii_IG_2024.jpg\",\"contentUrl\":\"https:\\\/\\\/unatc.ro\\\/devunatc\\\/wp-content\\\/uploads\\\/2024\\\/12\\\/saptamana_diversitatii_IG_2024.jpg\",\"width\":2480,\"height\":2480},{\"@type\":\"BreadcrumbList\",\"@id\":\"https:\\\/\\\/unatc.ro\\\/devunatc\\\/saptamana-diversitatii\\\/#breadcrumb\",\"itemListElement\":[{\"@type\":\"ListItem\",\"position\":1,\"name\":\"Home\",\"item\":\"https:\\\/\\\/unatc.ro\\\/devunatc\\\/\"},{\"@type\":\"ListItem\",\"position\":2,\"name\":\"S\u0103pt\u0103m\u00e2na diversit\u0103\u021bii 2024\"}]},{\"@type\":\"WebSite\",\"@id\":\"https:\\\/\\\/unatc.ro\\\/devunatc\\\/#website\",\"url\":\"https:\\\/\\\/unatc.ro\\\/devunatc\\\/\",\"name\":\"UNATC\",\"description\":\"\",\"publisher\":{\"@id\":\"https:\\\/\\\/unatc.ro\\\/devunatc\\\/#organization\"},\"potentialAction\":[{\"@type\":\"SearchAction\",\"target\":{\"@type\":\"EntryPoint\",\"urlTemplate\":\"https:\\\/\\\/unatc.ro\\\/devunatc\\\/?s={search_term_string}\"},\"query-input\":{\"@type\":\"PropertyValueSpecification\",\"valueRequired\":true,\"valueName\":\"search_term_string\"}}],\"inLanguage\":\"en-US\"},{\"@type\":\"Organization\",\"@id\":\"https:\\\/\\\/unatc.ro\\\/devunatc\\\/#organization\",\"name\":\"UNATC\",\"url\":\"https:\\\/\\\/unatc.ro\\\/devunatc\\\/\",\"logo\":{\"@type\":\"ImageObject\",\"inLanguage\":\"en-US\",\"@id\":\"https:\\\/\\\/unatc.ro\\\/devunatc\\\/#\\\/schema\\\/logo\\\/image\\\/\",\"url\":\"https:\\\/\\\/unatc.ro\\\/devunatc\\\/wp-content\\\/uploads\\\/2025\\\/07\\\/unatc_logo.png\",\"contentUrl\":\"https:\\\/\\\/unatc.ro\\\/devunatc\\\/wp-content\\\/uploads\\\/2025\\\/07\\\/unatc_logo.png\",\"width\":480,\"height\":469,\"caption\":\"UNATC\"},\"image\":{\"@id\":\"https:\\\/\\\/unatc.ro\\\/devunatc\\\/#\\\/schema\\\/logo\\\/image\\\/\"},\"sameAs\":[\"https:\\\/\\\/www.facebook.com\\\/UNATC.ILC\\\/\",\"https:\\\/\\\/www.youtube.com\\\/c\\\/unatcilcaragiale\",\"https:\\\/\\\/www.instagram.com\\\/unatc_ilcaragiale\\\/?hl=en\",\"https:\\\/\\\/www.tiktok.com\\\/@unatc?lang=en\"]},{\"@type\":\"Person\",\"@id\":\"https:\\\/\\\/unatc.ro\\\/devunatc\\\/#\\\/schema\\\/person\\\/85e7b817ed0b809757118b210739e5c8\",\"name\":\"UNATC\",\"url\":\"https:\\\/\\\/unatc.ro\\\/devunatc\\\/author\\\/unatcadmin\\\/\"}]}<\/script>\n<!-- \/ Yoast SEO plugin. -->","yoast_head_json":{"title":"S\u0103pt\u0103m\u00e2na diversit\u0103\u021bii 2024 - UNATC","robots":{"index":"index","follow":"follow","max-snippet":"max-snippet:-1","max-image-preview":"max-image-preview:large","max-video-preview":"max-video-preview:-1"},"canonical":"https:\/\/unatc.ro\/devunatc\/saptamana-diversitatii\/","og_locale":"en_US","og_type":"article","og_title":"S\u0103pt\u0103m\u00e2na diversit\u0103\u021bii 2024 - UNATC","og_description":"Cu ocazia zilei de 3 decembrie, c\u00e2nd este marcat\u0103 anual Ziua Interna\u0163ional\u0103 a Persoanelor cu Dizabilit\u0103\u0163i, UNATC \u201eI.L. Caragiale\u201d organizeaz\u0103,...","og_url":"https:\/\/unatc.ro\/devunatc\/saptamana-diversitatii\/","og_site_name":"UNATC","article_publisher":"https:\/\/www.facebook.com\/UNATC.ILC\/","article_published_time":"2024-12-02T08:49:36+00:00","article_modified_time":"2025-11-26T13:41:31+00:00","og_image":[{"width":2480,"height":2480,"url":"https:\/\/unatc.ro\/devunatc\/wp-content\/uploads\/2024\/12\/saptamana_diversitatii_IG_2024.jpg","type":"image\/jpeg"}],"author":"UNATC","twitter_card":"summary_large_image","twitter_misc":{"Written by":"UNATC","Est. reading time":"2 minutes"},"schema":{"@context":"https:\/\/schema.org","@graph":[{"@type":"Article","@id":"https:\/\/unatc.ro\/devunatc\/saptamana-diversitatii\/#article","isPartOf":{"@id":"https:\/\/unatc.ro\/devunatc\/saptamana-diversitatii\/"},"author":{"name":"UNATC","@id":"https:\/\/unatc.ro\/devunatc\/#\/schema\/person\/85e7b817ed0b809757118b210739e5c8"},"headline":"S\u0103pt\u0103m\u00e2na diversit\u0103\u021bii 2024","datePublished":"2024-12-02T08:49:36+00:00","dateModified":"2025-11-26T13:41:31+00:00","mainEntityOfPage":{"@id":"https:\/\/unatc.ro\/devunatc\/saptamana-diversitatii\/"},"wordCount":468,"publisher":{"@id":"https:\/\/unatc.ro\/devunatc\/#organization"},"image":{"@id":"https:\/\/unatc.ro\/devunatc\/saptamana-diversitatii\/#primaryimage"},"thumbnailUrl":"https:\/\/unatc.ro\/devunatc\/wp-content\/uploads\/2024\/12\/saptamana_diversitatii_IG_2024.jpg","articleSection":["Anun\u021buri","Conferin\u021b\u0103","Evenimente"],"inLanguage":"en-US"},{"@type":"WebPage","@id":"https:\/\/unatc.ro\/devunatc\/saptamana-diversitatii\/","url":"https:\/\/unatc.ro\/devunatc\/saptamana-diversitatii\/","name":"S\u0103pt\u0103m\u00e2na diversit\u0103\u021bii 2024 - UNATC","isPartOf":{"@id":"https:\/\/unatc.ro\/devunatc\/#website"},"primaryImageOfPage":{"@id":"https:\/\/unatc.ro\/devunatc\/saptamana-diversitatii\/#primaryimage"},"image":{"@id":"https:\/\/unatc.ro\/devunatc\/saptamana-diversitatii\/#primaryimage"},"thumbnailUrl":"https:\/\/unatc.ro\/devunatc\/wp-content\/uploads\/2024\/12\/saptamana_diversitatii_IG_2024.jpg","datePublished":"2024-12-02T08:49:36+00:00","dateModified":"2025-11-26T13:41:31+00:00","breadcrumb":{"@id":"https:\/\/unatc.ro\/devunatc\/saptamana-diversitatii\/#breadcrumb"},"inLanguage":"en-US","potentialAction":[{"@type":"ReadAction","target":["https:\/\/unatc.ro\/devunatc\/saptamana-diversitatii\/"]}]},{"@type":"ImageObject","inLanguage":"en-US","@id":"https:\/\/unatc.ro\/devunatc\/saptamana-diversitatii\/#primaryimage","url":"https:\/\/unatc.ro\/devunatc\/wp-content\/uploads\/2024\/12\/saptamana_diversitatii_IG_2024.jpg","contentUrl":"https:\/\/unatc.ro\/devunatc\/wp-content\/uploads\/2024\/12\/saptamana_diversitatii_IG_2024.jpg","width":2480,"height":2480},{"@type":"BreadcrumbList","@id":"https:\/\/unatc.ro\/devunatc\/saptamana-diversitatii\/#breadcrumb","itemListElement":[{"@type":"ListItem","position":1,"name":"Home","item":"https:\/\/unatc.ro\/devunatc\/"},{"@type":"ListItem","position":2,"name":"S\u0103pt\u0103m\u00e2na diversit\u0103\u021bii 2024"}]},{"@type":"WebSite","@id":"https:\/\/unatc.ro\/devunatc\/#website","url":"https:\/\/unatc.ro\/devunatc\/","name":"UNATC","description":"","publisher":{"@id":"https:\/\/unatc.ro\/devunatc\/#organization"},"potentialAction":[{"@type":"SearchAction","target":{"@type":"EntryPoint","urlTemplate":"https:\/\/unatc.ro\/devunatc\/?s={search_term_string}"},"query-input":{"@type":"PropertyValueSpecification","valueRequired":true,"valueName":"search_term_string"}}],"inLanguage":"en-US"},{"@type":"Organization","@id":"https:\/\/unatc.ro\/devunatc\/#organization","name":"UNATC","url":"https:\/\/unatc.ro\/devunatc\/","logo":{"@type":"ImageObject","inLanguage":"en-US","@id":"https:\/\/unatc.ro\/devunatc\/#\/schema\/logo\/image\/","url":"https:\/\/unatc.ro\/devunatc\/wp-content\/uploads\/2025\/07\/unatc_logo.png","contentUrl":"https:\/\/unatc.ro\/devunatc\/wp-content\/uploads\/2025\/07\/unatc_logo.png","width":480,"height":469,"caption":"UNATC"},"image":{"@id":"https:\/\/unatc.ro\/devunatc\/#\/schema\/logo\/image\/"},"sameAs":["https:\/\/www.facebook.com\/UNATC.ILC\/","https:\/\/www.youtube.com\/c\/unatcilcaragiale","https:\/\/www.instagram.com\/unatc_ilcaragiale\/?hl=en","https:\/\/www.tiktok.com\/@unatc?lang=en"]},{"@type":"Person","@id":"https:\/\/unatc.ro\/devunatc\/#\/schema\/person\/85e7b817ed0b809757118b210739e5c8","name":"UNATC","url":"https:\/\/unatc.ro\/devunatc\/author\/unatcadmin\/"}]}},"jetpack_featured_media_url":"https:\/\/unatc.ro\/devunatc\/wp-content\/uploads\/2024\/12\/saptamana_diversitatii_IG_2024.jpg","jetpack_sharing_enabled":true,"gt_translate_keys":[{"key":"link","format":"url"}],"category_names":["Anun\u021buri","Conferin\u021b\u0103","Evenimente"],"category_details":[{"id":180,"name":"Anun\u021buri","slug":"anunturi","description":"","count":240,"link":"https:\/\/unatc.ro\/devunatc\/category\/anunturi\/"},{"id":215,"name":"Conferin\u021b\u0103","slug":"conferinta","description":"","count":22,"link":"https:\/\/unatc.ro\/devunatc\/category\/anunturi\/conferinta\/"},{"id":178,"name":"Evenimente","slug":"evenimente","description":"","count":121,"link":"https:\/\/unatc.ro\/devunatc\/category\/anunturi\/evenimente\/"}],"_links":{"self":[{"href":"https:\/\/unatc.ro\/devunatc\/wp-json\/wp\/v2\/posts\/14364","targetHints":{"allow":["GET"]}}],"collection":[{"href":"https:\/\/unatc.ro\/devunatc\/wp-json\/wp\/v2\/posts"}],"about":[{"href":"https:\/\/unatc.ro\/devunatc\/wp-json\/wp\/v2\/types\/post"}],"author":[{"embeddable":true,"href":"https:\/\/unatc.ro\/devunatc\/wp-json\/wp\/v2\/users\/1"}],"replies":[{"embeddable":true,"href":"https:\/\/unatc.ro\/devunatc\/wp-json\/wp\/v2\/comments?post=14364"}],"version-history":[{"count":8,"href":"https:\/\/unatc.ro\/devunatc\/wp-json\/wp\/v2\/posts\/14364\/revisions"}],"predecessor-version":[{"id":16010,"href":"https:\/\/unatc.ro\/devunatc\/wp-json\/wp\/v2\/posts\/14364\/revisions\/16010"}],"wp:featuredmedia":[{"embeddable":true,"href":"https:\/\/unatc.ro\/devunatc\/wp-json\/wp\/v2\/media\/14365"}],"wp:attachment":[{"href":"https:\/\/unatc.ro\/devunatc\/wp-json\/wp\/v2\/media?parent=14364"}],"wp:term":[{"taxonomy":"category","embeddable":true,"href":"https:\/\/unatc.ro\/devunatc\/wp-json\/wp\/v2\/categories?post=14364"},{"taxonomy":"post_tag","embeddable":true,"href":"https:\/\/unatc.ro\/devunatc\/wp-json\/wp\/v2\/tags?post=14364"},{"taxonomy":"erasmus_universities_programs","embeddable":true,"href":"https:\/\/unatc.ro\/devunatc\/wp-json\/wp\/v2\/erasmus_universities_programs?post=14364"}],"curies":[{"name":"wp","href":"https:\/\/api.w.org\/{rel}","templated":true}]}}