{"id":12027,"date":"2023-10-11T13:46:01","date_gmt":"2023-10-11T11:46:01","guid":{"rendered":"https:\/\/unatc.ro\/devunatc\/?p=12027"},"modified":"2024-01-17T15:46:12","modified_gmt":"2024-01-17T13:46:12","slug":"candidati-alegeri-2023-2028","status":"publish","type":"post","link":"https:\/\/unatc.ro\/devunatc\/candidati-alegeri-2023-2028\/","title":{"rendered":"Candida\u021bi alegeri 2023 \u2013 2028","gt_translate_keys":[{"key":"rendered","format":"text"}]},"content":{"rendered":"\n<p><\/p>\n\n\n\n<p>Aceasta este pagina dedicat\u0103 procesului electoral \u00een conformitate cu Legea \u00cenv\u0103\u021b\u0103m\u00e2ntului Superior nr. 199\/2023, care va stabili componen\u021ba organelor de conducere pentru mandatul 2023 \u2013 2028. Pe aceast\u0103 platform\u0103 oficial\u0103, ve\u021bi g\u0103si informa\u021bii detaliate \u0219i actualizate despre alegeri, proceduri \u0219i toate aspectele legate de acest proces crucial \u00een cadrul institu\u021biei noastre. Suntem dedica\u021bi promov\u0103rii transparen\u021bei \u0219i particip\u0103rii active, iar aceast\u0103 resurs\u0103 v\u0103 ofer\u0103 o oportunitate esen\u021bial\u0103 de a fi la curent cu toate aspectele legate de alegeri.<\/p>\n\n\n\n<p class=\"has-large-font-size\"><strong>Rector<\/strong><\/p>\n\n\n\n<p>Candidaturile pentru Consiliile Facult\u0103\u021bilor \u0219i Senatul universitar au fost desemnate cu ocazia \u0219edin\u021belor de alegeri la nivelul departamentelor.<\/p>\n\n\n\n<p>Pe acest\u0103 cale, v\u0103 aducem la cuno\u0219tin\u021b\u0103 faptul c\u0103 depunerea candidaturilor pentru func\u021bia de rector, de membru \u00een Consiliile Facult\u0103\u021bilor, \u0219i, respectiv, de membru \u00een Senatul universitar are loc, conform calendarului publicat pe site-ul universit\u0103\u021bii la Sec\u021biunea Alegeri.<\/p>\n\n\n\n<p>Declara\u021bie de inten\u021bie pentru candidatura la func\u021bia de RECTOR UNATC &#8220;I.L. Caragiale&#8221;<\/p>\n\n\n\n<p><\/p>\n\n\n\n<div class=\"wp-block-unatc-blocks-file fileRow\"><div class=\"fileWrapper\"><div class=\"fileText\"><a href=\"https:\/\/unatc.ro\/devunatc\/wp-content\/uploads\/2023\/10\/DDI-RECTOR-Declaratie-de-intentie-Liviu-LUCACI.pdf\" target=\"_blank\" title=\"Declarat\u0326ie de intent\u0326ie\" rel=\"noopener\"><span class=\"nameFile\">Declarat\u0326ie de intent\u0326ie<\/span><span class=\"captionFile\">liviu lucaci<\/span><\/a><\/div><a class=\"fileDownloadBtn\" href=\"https:\/\/unatc.ro\/devunatc\/wp-content\/uploads\/2023\/10\/DDI-RECTOR-Declaratie-de-intentie-Liviu-LUCACI.pdf\" target=\"_blank\" rel=\"noopener\" title=\"Declarat\u0326ie de intent\u0326ie\">Descarc\u0103 fi\u0219ierul<\/a><\/div><\/div>\n\n\n\n<div class=\"wp-block-unatc-blocks-file fileRow\"><div class=\"fileWrapper\"><div class=\"fileText\"><a href=\"https:\/\/unatc.ro\/devunatc\/wp-content\/uploads\/2023\/10\/DDI-RECTOR-Program-managerial-Liviu-LUCACI.pdf\" target=\"_blank\" title=\"Program managerial\" rel=\"noopener\"><span class=\"nameFile\">Program managerial<\/span><span class=\"captionFile\">liviu lucaci<\/span><\/a><\/div><a class=\"fileDownloadBtn\" href=\"https:\/\/unatc.ro\/devunatc\/wp-content\/uploads\/2023\/10\/DDI-RECTOR-Program-managerial-Liviu-LUCACI.pdf\" target=\"_blank\" rel=\"noopener\" title=\"Program managerial\">Descarc\u0103 fi\u0219ierul<\/a><\/div><\/div>\n\n\n\n<div class=\"wp-block-unatc-blocks-file fileRow\"><div class=\"fileWrapper\"><div class=\"fileText\"><a href=\"https:\/\/unatc.ro\/devunatc\/wp-content\/uploads\/2023\/10\/DDI-RECTOR-CV-Liviu-LUCACI.pdf\" target=\"_blank\" title=\"CV\" rel=\"noopener\"><span class=\"nameFile\">CV<\/span><span class=\"captionFile\">liviu lucaci<\/span><\/a><\/div><a class=\"fileDownloadBtn\" href=\"https:\/\/unatc.ro\/devunatc\/wp-content\/uploads\/2023\/10\/DDI-RECTOR-CV-Liviu-LUCACI.pdf\" target=\"_blank\" rel=\"noopener\" title=\"CV\">Descarc\u0103 fi\u0219ierul<\/a><\/div><\/div>\n\n\n\n<div class=\"wp-block-unatc-blocks-file fileRow\"><div class=\"fileWrapper\"><div class=\"fileText\"><a href=\"https:\/\/unatc.ro\/devunatc\/wp-content\/uploads\/2023\/10\/DDI-RECTOR-Certificat-de-cazier-judiciarI-Liviu-LUCACI.pdf\" target=\"_blank\" title=\"Certificat de cazier judiciar\" rel=\"noopener\"><span class=\"nameFile\">Certificat de cazier judiciar<\/span><span class=\"captionFile\">liviu lucaci<\/span><\/a><\/div><a class=\"fileDownloadBtn\" href=\"https:\/\/unatc.ro\/devunatc\/wp-content\/uploads\/2023\/10\/DDI-RECTOR-Certificat-de-cazier-judiciarI-Liviu-LUCACI.pdf\" target=\"_blank\" rel=\"noopener\" title=\"Certificat de cazier judiciar\">Descarc\u0103 fi\u0219ierul<\/a><\/div><\/div>\n\n\n\n<p class=\"has-large-font-size\"><strong>Facultatea de Teatru<\/strong><\/p>\n\n\n\n<div class=\"wp-block-unatc-blocks-file fileRow\"><div class=\"fileWrapper\"><div class=\"fileText\"><a href=\"https:\/\/unatc.ro\/devunatc\/wp-content\/uploads\/2023\/10\/Departamentul-Actorie_prof.univ_.dr_.Mircea_Gheorghiu.pdf\" target=\"_blank\" title=\"prof.univ.dr. GHEORGHIU Mircea\" rel=\"noopener\"><span class=\"nameFile\">prof.univ.dr. GHEORGHIU Mircea<\/span><span class=\"captionFile\">Departamentul de actorie<\/span><\/a><\/div><a class=\"fileDownloadBtn\" href=\"https:\/\/unatc.ro\/devunatc\/wp-content\/uploads\/2023\/10\/Departamentul-Actorie_prof.univ_.dr_.Mircea_Gheorghiu.pdf\" target=\"_blank\" rel=\"noopener\" title=\"prof.univ.dr. GHEORGHIU Mircea\">Descarc\u0103 fi\u0219ierul<\/a><\/div><\/div>\n\n\n\n<div class=\"wp-block-unatc-blocks-file fileRow\"><div class=\"fileWrapper\"><div class=\"fileText\"><a href=\"https:\/\/unatc.ro\/devunatc\/wp-content\/uploads\/2023\/10\/Departamentul-Actorie_prof.univ_.dr_.-Bogdana-Cretu.pdf\" target=\"_blank\" title=\"prof.univ.dr. CRE\u021aU Adina-Bogdana\" rel=\"noopener\"><span class=\"nameFile\">prof.univ.dr. CRE\u021aU Adina-Bogdana<\/span><span class=\"captionFile\">Departamentul de actorie<\/span><\/a><\/div><a class=\"fileDownloadBtn\" href=\"https:\/\/unatc.ro\/devunatc\/wp-content\/uploads\/2023\/10\/Departamentul-Actorie_prof.univ_.dr_.-Bogdana-Cretu.pdf\" target=\"_blank\" rel=\"noopener\" title=\"prof.univ.dr. CRE\u021aU Adina-Bogdana\">Descarc\u0103 fi\u0219ierul<\/a><\/div><\/div>\n\n\n\n<div class=\"wp-block-unatc-blocks-file fileRow\"><div class=\"fileWrapper\"><div class=\"fileText\"><a href=\"https:\/\/unatc.ro\/devunatc\/wp-content\/uploads\/2023\/10\/Departamentul-Regie_lect.univ_.dr_.-Cernat-Sandra-Razvana.pdf\" target=\"_blank\" title=\"lect.univ.dr. CERNAT Sandra-R\u0103zvana\" rel=\"noopener\"><span class=\"nameFile\">lect.univ.dr. CERNAT Sandra-R\u0103zvana<\/span><span class=\"captionFile\">Departamentul regie de teatru<\/span><\/a><\/div><a class=\"fileDownloadBtn\" href=\"https:\/\/unatc.ro\/devunatc\/wp-content\/uploads\/2023\/10\/Departamentul-Regie_lect.univ_.dr_.-Cernat-Sandra-Razvana.pdf\" target=\"_blank\" rel=\"noopener\" title=\"lect.univ.dr. CERNAT Sandra-R\u0103zvana\">Descarc\u0103 fi\u0219ierul<\/a><\/div><\/div>\n\n\n\n<div class=\"wp-block-unatc-blocks-file fileRow\"><div class=\"fileWrapper\"><div class=\"fileText\"><a href=\"https:\/\/unatc.ro\/devunatc\/wp-content\/uploads\/2023\/10\/Departamentul-Regie_conf.univ_.dr_.-Anca-BRADU.pdf\" target=\"_blank\" title=\"conf.univ.dr. BRADU Anca\" rel=\"noopener\"><span class=\"nameFile\">conf.univ.dr. BRADU Anca<\/span><span class=\"captionFile\">Departamentul regie de teatru<\/span><\/a><\/div><a class=\"fileDownloadBtn\" href=\"https:\/\/unatc.ro\/devunatc\/wp-content\/uploads\/2023\/10\/Departamentul-Regie_conf.univ_.dr_.-Anca-BRADU.pdf\" target=\"_blank\" rel=\"noopener\" title=\"conf.univ.dr. BRADU Anca\">Descarc\u0103 fi\u0219ierul<\/a><\/div><\/div>\n\n\n\n<div class=\"wp-block-unatc-blocks-file fileRow\"><div class=\"fileWrapper\"><div class=\"fileText\"><a href=\"https:\/\/unatc.ro\/devunatc\/wp-content\/uploads\/2023\/10\/Departamentul-Coregrafie_lect.univ_.dr_.-Elena-Mihaela-ZAMFIRESCU.pdf\" target=\"_blank\" title=\"lect.univ.dr. ZAMFIRESCU Elena Mihaela\" rel=\"noopener\"><span class=\"nameFile\">lect.univ.dr. ZAMFIRESCU Elena Mihaela<\/span><span class=\"captionFile\">Departamentul de COREGRAFIE<\/span><\/a><\/div><a class=\"fileDownloadBtn\" href=\"https:\/\/unatc.ro\/devunatc\/wp-content\/uploads\/2023\/10\/Departamentul-Coregrafie_lect.univ_.dr_.-Elena-Mihaela-ZAMFIRESCU.pdf\" target=\"_blank\" rel=\"noopener\" title=\"lect.univ.dr. ZAMFIRESCU Elena Mihaela\">Descarc\u0103 fi\u0219ierul<\/a><\/div><\/div>\n\n\n\n<div class=\"wp-block-unatc-blocks-file fileRow\"><div class=\"fileWrapper\"><div class=\"fileText\"><a href=\"https:\/\/unatc.ro\/devunatc\/wp-content\/uploads\/2023\/10\/Departamentul-Scenografie_conf.univ_.dr_.-Stefan-Caragiu-GHEORGHITA.pdf\" target=\"_blank\" title=\"conf.univ.dr. CARAGIU \u0218tefan-Gheorghi\u021b\u0103\" rel=\"noopener\"><span class=\"nameFile\">conf.univ.dr. CARAGIU \u0218tefan-Gheorghi\u021b\u0103<\/span><span class=\"captionFile\">Departamentul de SCENOGRAFIE<\/span><\/a><\/div><a class=\"fileDownloadBtn\" href=\"https:\/\/unatc.ro\/devunatc\/wp-content\/uploads\/2023\/10\/Departamentul-Scenografie_conf.univ_.dr_.-Stefan-Caragiu-GHEORGHITA.pdf\" target=\"_blank\" rel=\"noopener\" title=\"conf.univ.dr. CARAGIU \u0218tefan-Gheorghi\u021b\u0103\">Descarc\u0103 fi\u0219ierul<\/a><\/div><\/div>\n\n\n\n<div class=\"wp-block-unatc-blocks-file fileRow\"><div class=\"fileWrapper\"><div class=\"fileText\"><a href=\"https:\/\/unatc.ro\/devunatc\/wp-content\/uploads\/2023\/10\/Departamentul-Studii-Teatrale_conf.univ_.dr_.Anca-IONITA.pdf\" target=\"_blank\" title=\"conf.univ.dr. IONI\u021a\u0102 Anca-Gabriela\" rel=\"noopener\"><span class=\"nameFile\">conf.univ.dr. IONI\u021a\u0102 Anca-Gabriela<\/span><span class=\"captionFile\">Departamentul STUDII TEATRALE<\/span><\/a><\/div><a class=\"fileDownloadBtn\" href=\"https:\/\/unatc.ro\/devunatc\/wp-content\/uploads\/2023\/10\/Departamentul-Studii-Teatrale_conf.univ_.dr_.Anca-IONITA.pdf\" target=\"_blank\" rel=\"noopener\" title=\"conf.univ.dr. IONI\u021a\u0102 Anca-Gabriela\">Descarc\u0103 fi\u0219ierul<\/a><\/div><\/div>\n\n\n\n<div class=\"wp-block-unatc-blocks-file fileRow\"><div class=\"fileWrapper\"><div class=\"fileText\"><a href=\"https:\/\/unatc.ro\/devunatc\/wp-content\/uploads\/2023\/10\/Departamentul-Teatru-de-animatie_conf.univ_.dr_.-Daniel-STANCIU.pdf\" target=\"_blank\" title=\"conf.univ.dr. STANCIU Daniel\" rel=\"noopener\"><span class=\"nameFile\">conf.univ.dr. STANCIU Daniel<\/span><span class=\"captionFile\">Departamentul Teatru de anima\u021bie<\/span><\/a><\/div><a class=\"fileDownloadBtn\" href=\"https:\/\/unatc.ro\/devunatc\/wp-content\/uploads\/2023\/10\/Departamentul-Teatru-de-animatie_conf.univ_.dr_.-Daniel-STANCIU.pdf\" target=\"_blank\" rel=\"noopener\" title=\"conf.univ.dr. STANCIU Daniel\">Descarc\u0103 fi\u0219ierul<\/a><\/div><\/div>\n\n\n\n<div style=\"height:50px\" aria-hidden=\"true\" class=\"wp-block-spacer\"><\/div>\n\n\n\n<p class=\"has-large-font-size\"><strong>Facultatea de Film<\/strong><\/p>\n\n\n\n<div class=\"wp-block-unatc-blocks-file fileRow\"><div class=\"fileWrapper\"><div class=\"fileText\"><a href=\"https:\/\/unatc.ro\/devunatc\/wp-content\/uploads\/2023\/10\/Departament-Scenaristica-Ana-Agopian.pdf\" target=\"_blank\" title=\"conf.univ.dr. AGOPIAN Ana\" rel=\"noopener\"><span class=\"nameFile\">conf.univ.dr. AGOPIAN Ana<\/span><span class=\"captionFile\">Departamentul de scenaristic\u0103-filmologie<\/span><\/a><\/div><a class=\"fileDownloadBtn\" href=\"https:\/\/unatc.ro\/devunatc\/wp-content\/uploads\/2023\/10\/Departament-Scenaristica-Ana-Agopian.pdf\" target=\"_blank\" rel=\"noopener\" title=\"conf.univ.dr. AGOPIAN Ana\">Descarc\u0103 fi\u0219ierul<\/a><\/div><\/div>\n\n\n\n<div class=\"wp-block-unatc-blocks-file fileRow\"><div class=\"fileWrapper\"><div class=\"fileText\"><a href=\"https:\/\/unatc.ro\/devunatc\/wp-content\/uploads\/2023\/10\/Departament-Regie-Bogdan-Mustata.pdf\" target=\"_blank\" title=\"lect.univ.dr. MUSTA\u021a\u0102 Bogdan\" rel=\"noopener\"><span class=\"nameFile\">lect.univ.dr. MUSTA\u021a\u0102 Bogdan<\/span><span class=\"captionFile\">Departamentul de regie, produc\u021bie<\/span><\/a><\/div><a class=\"fileDownloadBtn\" href=\"https:\/\/unatc.ro\/devunatc\/wp-content\/uploads\/2023\/10\/Departament-Regie-Bogdan-Mustata.pdf\" target=\"_blank\" rel=\"noopener\" title=\"lect.univ.dr. MUSTA\u021a\u0102 Bogdan\">Descarc\u0103 fi\u0219ierul<\/a><\/div><\/div>\n\n\n\n<div class=\"wp-block-unatc-blocks-file fileRow\"><div class=\"fileWrapper\"><div class=\"fileText\"><a href=\"https:\/\/unatc.ro\/devunatc\/wp-content\/uploads\/2023\/10\/01102024-dosar-candidatura-director-departament-regie.pdf\" target=\"_blank\" title=\"lect.univ.dr. Tudor Cristian Jurgiu\" rel=\"noopener\"><span class=\"nameFile\">lect.univ.dr. Tudor Cristian Jurgiu<\/span><span class=\"captionFile\">Departamentul de regie, produc\u021bie<\/span><\/a><\/div><a class=\"fileDownloadBtn\" href=\"https:\/\/unatc.ro\/devunatc\/wp-content\/uploads\/2023\/10\/01102024-dosar-candidatura-director-departament-regie.pdf\" target=\"_blank\" rel=\"noopener\" title=\"lect.univ.dr. Tudor Cristian Jurgiu\">Descarc\u0103 fi\u0219ierul<\/a><\/div><\/div>\n\n\n\n<div class=\"wp-block-unatc-blocks-file fileRow\"><div class=\"fileWrapper\"><div class=\"fileText\"><a href=\"https:\/\/unatc.ro\/devunatc\/wp-content\/uploads\/2023\/10\/Departament-Imagine-de-FILM-SI-TV-Dragos-Popescu.pdf\" target=\"_blank\" title=\"conf.univ.dr. POPESCU Drago\u0219\" rel=\"noopener\"><span class=\"nameFile\">conf.univ.dr. POPESCU Drago\u0219<\/span><span class=\"captionFile\">Departamentul imagine de film \u0219i tv<\/span><\/a><\/div><a class=\"fileDownloadBtn\" href=\"https:\/\/unatc.ro\/devunatc\/wp-content\/uploads\/2023\/10\/Departament-Imagine-de-FILM-SI-TV-Dragos-Popescu.pdf\" target=\"_blank\" rel=\"noopener\" title=\"conf.univ.dr. POPESCU Drago\u0219\">Descarc\u0103 fi\u0219ierul<\/a><\/div><\/div>\n\n\n\n<div class=\"wp-block-unatc-blocks-file fileRow\"><div class=\"fileWrapper\"><div class=\"fileText\"><a href=\"https:\/\/unatc.ro\/devunatc\/wp-content\/uploads\/2023\/10\/Departament-Multimedia-Sunet-Montaj-Iolanda-Girleanu.pdf\" target=\"_blank\" title=\"lect.univ.dr. G\u00ceRLEANU Iolanda\" rel=\"noopener\"><span class=\"nameFile\">lect.univ.dr. G\u00ceRLEANU Iolanda<\/span><span class=\"captionFile\">Departamentul MULTIMEDIA:SUNET, MONTAJ<\/span><\/a><\/div><a class=\"fileDownloadBtn\" href=\"https:\/\/unatc.ro\/devunatc\/wp-content\/uploads\/2023\/10\/Departament-Multimedia-Sunet-Montaj-Iolanda-Girleanu.pdf\" target=\"_blank\" rel=\"noopener\" title=\"lect.univ.dr. G\u00ceRLEANU Iolanda\">Descarc\u0103 fi\u0219ierul<\/a><\/div><\/div>\n\n\n\n<div class=\"wp-block-unatc-blocks-file fileRow\"><div class=\"fileWrapper\"><div class=\"fileText\"><a href=\"https:\/\/unatc.ro\/devunatc\/wp-content\/uploads\/2023\/10\/Departament-Animatie-Matei-Branea.pdf\" target=\"_blank\" title=\"conf.univ.dr. Matei Branea\" rel=\"noopener\"><span class=\"nameFile\">conf.univ.dr. Matei Branea<\/span><span class=\"captionFile\">Departamentul ANIMA\u021aIE<\/span><\/a><\/div><a class=\"fileDownloadBtn\" href=\"https:\/\/unatc.ro\/devunatc\/wp-content\/uploads\/2023\/10\/Departament-Animatie-Matei-Branea.pdf\" target=\"_blank\" rel=\"noopener\" title=\"conf.univ.dr. Matei Branea\">Descarc\u0103 fi\u0219ierul<\/a><\/div><\/div>\n\n\n\n<p class=\"has-large-font-size\"><strong>CPPD<\/strong><\/p>\n\n\n\n<div class=\"wp-block-unatc-blocks-file fileRow\"><div class=\"fileWrapper\"><div class=\"fileText\"><a href=\"https:\/\/unatc.ro\/devunatc\/wp-content\/uploads\/2023\/10\/CPPD_lect.univ_.dr_.-Andreea-Jicman.pdf\" target=\"_blank\" title=\"lect.univ.dr. JICMAN Andreea\" rel=\"noopener\"><span class=\"nameFile\">lect.univ.dr. JICMAN Andreea<\/span><span class=\"captionFile\">Centrul de Preg\u0103tire Pedagogica \u0219i Didactic\u0103<\/span><\/a><\/div><a class=\"fileDownloadBtn\" href=\"https:\/\/unatc.ro\/devunatc\/wp-content\/uploads\/2023\/10\/CPPD_lect.univ_.dr_.-Andreea-Jicman.pdf\" target=\"_blank\" rel=\"noopener\" title=\"lect.univ.dr. JICMAN Andreea\">Descarc\u0103 fi\u0219ierul<\/a><\/div><\/div>\n\n\n\n<p><\/p>\n\n\n\n<p class=\"has-medium-font-size\">PROGRAMAREA ALEGERILOR LA NIVELUL DEPARTAMENTELOR DIN CADRUL <strong>FACULT\u0102\u021aII DE FILM<\/strong><br><\/p>\n\n\n\n<p>25 OCTOMBRIE 2023 &#8211; SALA 112A<\/p>\n\n\n\n<p>11.00 IMAGINE DE FILM \u0218I TV<br>12.30 REGIE, PRODUC\u021aIE<br>14.00 MULTIMEDIA: SUNET,MONTAJ<br>15.00 SCENARISTIC\u0102, FILMOLOGIE<br>17.00 ANIMA\u021aIE \u0218I INTERACTIVITATE<\/p>\n\n\n\n<p>Alegerile pentru Consiliul Facult\u0103\u021bii au loc \u00een 30 octombrie 2023, orele 10.00 \u2013 15.00 sala BERLOGEA<\/p>\n","protected":false,"gt_translate_keys":[{"key":"rendered","format":"html"}]},"excerpt":{"rendered":"<p class=\"no-padding\">Aceasta este pagina dedicat\u0103 procesului electoral \u00een conformitate cu Legea \u00cenv\u0103\u021b\u0103m\u00e2ntului Superior nr. 199\/2023, care va stabili componen\u021ba organelor de&#8230;<\/p>\n","protected":false,"gt_translate_keys":[{"key":"rendered","format":"html"}]},"author":1,"featured_media":0,"comment_status":"closed","ping_status":"closed","sticky":false,"template":"template-newsgeneral.php","format":"standard","meta":{"_jetpack_memberships_contains_paid_content":false,"footnotes":""},"categories":[226],"tags":[],"erasmus_universities_programs":[],"class_list":["post-12027","post","type-post","status-publish","format-standard","hentry","category-administrativ"],"acf":{"alternative_page_title":"","page_contact_email":""},"yoast_head":"<!-- This site is optimized with the Yoast SEO plugin v27.4 - https:\/\/yoast.com\/product\/yoast-seo-wordpress\/ -->\n<title>Candida\u021bi alegeri 2023 \u2013 2028 - UNATC<\/title>\n<meta name=\"robots\" content=\"index, follow, max-snippet:-1, max-image-preview:large, max-video-preview:-1\" \/>\n<link rel=\"canonical\" href=\"https:\/\/unatc.ro\/devunatc\/candidati-alegeri-2023-2028\/\" \/>\n<meta property=\"og:locale\" content=\"en_US\" \/>\n<meta property=\"og:type\" content=\"article\" \/>\n<meta property=\"og:title\" content=\"Candida\u021bi alegeri 2023 \u2013 2028 - UNATC\" \/>\n<meta property=\"og:description\" content=\"Aceasta este pagina dedicat\u0103 procesului electoral \u00een conformitate cu Legea \u00cenv\u0103\u021b\u0103m\u00e2ntului Superior nr. 199\/2023, care va stabili componen\u021ba organelor de...\" \/>\n<meta property=\"og:url\" content=\"https:\/\/unatc.ro\/devunatc\/candidati-alegeri-2023-2028\/\" \/>\n<meta property=\"og:site_name\" content=\"UNATC\" \/>\n<meta property=\"article:publisher\" content=\"https:\/\/www.facebook.com\/UNATC.ILC\/\" \/>\n<meta property=\"article:published_time\" content=\"2023-10-11T11:46:01+00:00\" \/>\n<meta property=\"article:modified_time\" content=\"2024-01-17T13:46:12+00:00\" \/>\n<meta name=\"author\" content=\"UNATC\" \/>\n<meta name=\"twitter:card\" content=\"summary_large_image\" \/>\n<meta name=\"twitter:label1\" content=\"Written by\" \/>\n\t<meta name=\"twitter:data1\" content=\"UNATC\" \/>\n\t<meta name=\"twitter:label2\" content=\"Est. reading time\" \/>\n\t<meta name=\"twitter:data2\" content=\"2 minutes\" \/>\n<script type=\"application\/ld+json\" class=\"yoast-schema-graph\">{\"@context\":\"https:\\\/\\\/schema.org\",\"@graph\":[{\"@type\":\"Article\",\"@id\":\"https:\\\/\\\/unatc.ro\\\/devunatc\\\/candidati-alegeri-2023-2028\\\/#article\",\"isPartOf\":{\"@id\":\"https:\\\/\\\/unatc.ro\\\/devunatc\\\/candidati-alegeri-2023-2028\\\/\"},\"author\":{\"name\":\"UNATC\",\"@id\":\"https:\\\/\\\/unatc.ro\\\/devunatc\\\/#\\\/schema\\\/person\\\/85e7b817ed0b809757118b210739e5c8\"},\"headline\":\"Candida\u021bi alegeri 2023 \u2013 2028\",\"datePublished\":\"2023-10-11T11:46:01+00:00\",\"dateModified\":\"2024-01-17T13:46:12+00:00\",\"mainEntityOfPage\":{\"@id\":\"https:\\\/\\\/unatc.ro\\\/devunatc\\\/candidati-alegeri-2023-2028\\\/\"},\"wordCount\":438,\"publisher\":{\"@id\":\"https:\\\/\\\/unatc.ro\\\/devunatc\\\/#organization\"},\"articleSection\":[\"Administrativ\"],\"inLanguage\":\"en-US\"},{\"@type\":\"WebPage\",\"@id\":\"https:\\\/\\\/unatc.ro\\\/devunatc\\\/candidati-alegeri-2023-2028\\\/\",\"url\":\"https:\\\/\\\/unatc.ro\\\/devunatc\\\/candidati-alegeri-2023-2028\\\/\",\"name\":\"Candida\u021bi alegeri 2023 \u2013 2028 - UNATC\",\"isPartOf\":{\"@id\":\"https:\\\/\\\/unatc.ro\\\/devunatc\\\/#website\"},\"datePublished\":\"2023-10-11T11:46:01+00:00\",\"dateModified\":\"2024-01-17T13:46:12+00:00\",\"breadcrumb\":{\"@id\":\"https:\\\/\\\/unatc.ro\\\/devunatc\\\/candidati-alegeri-2023-2028\\\/#breadcrumb\"},\"inLanguage\":\"en-US\",\"potentialAction\":[{\"@type\":\"ReadAction\",\"target\":[\"https:\\\/\\\/unatc.ro\\\/devunatc\\\/candidati-alegeri-2023-2028\\\/\"]}]},{\"@type\":\"BreadcrumbList\",\"@id\":\"https:\\\/\\\/unatc.ro\\\/devunatc\\\/candidati-alegeri-2023-2028\\\/#breadcrumb\",\"itemListElement\":[{\"@type\":\"ListItem\",\"position\":1,\"name\":\"Home\",\"item\":\"https:\\\/\\\/unatc.ro\\\/devunatc\\\/\"},{\"@type\":\"ListItem\",\"position\":2,\"name\":\"Candida\u021bi alegeri 2023 \u2013 2028\"}]},{\"@type\":\"WebSite\",\"@id\":\"https:\\\/\\\/unatc.ro\\\/devunatc\\\/#website\",\"url\":\"https:\\\/\\\/unatc.ro\\\/devunatc\\\/\",\"name\":\"UNATC\",\"description\":\"\",\"publisher\":{\"@id\":\"https:\\\/\\\/unatc.ro\\\/devunatc\\\/#organization\"},\"potentialAction\":[{\"@type\":\"SearchAction\",\"target\":{\"@type\":\"EntryPoint\",\"urlTemplate\":\"https:\\\/\\\/unatc.ro\\\/devunatc\\\/?s={search_term_string}\"},\"query-input\":{\"@type\":\"PropertyValueSpecification\",\"valueRequired\":true,\"valueName\":\"search_term_string\"}}],\"inLanguage\":\"en-US\"},{\"@type\":\"Organization\",\"@id\":\"https:\\\/\\\/unatc.ro\\\/devunatc\\\/#organization\",\"name\":\"UNATC\",\"url\":\"https:\\\/\\\/unatc.ro\\\/devunatc\\\/\",\"logo\":{\"@type\":\"ImageObject\",\"inLanguage\":\"en-US\",\"@id\":\"https:\\\/\\\/unatc.ro\\\/devunatc\\\/#\\\/schema\\\/logo\\\/image\\\/\",\"url\":\"https:\\\/\\\/unatc.ro\\\/devunatc\\\/wp-content\\\/uploads\\\/2025\\\/07\\\/unatc_logo.png\",\"contentUrl\":\"https:\\\/\\\/unatc.ro\\\/devunatc\\\/wp-content\\\/uploads\\\/2025\\\/07\\\/unatc_logo.png\",\"width\":480,\"height\":469,\"caption\":\"UNATC\"},\"image\":{\"@id\":\"https:\\\/\\\/unatc.ro\\\/devunatc\\\/#\\\/schema\\\/logo\\\/image\\\/\"},\"sameAs\":[\"https:\\\/\\\/www.facebook.com\\\/UNATC.ILC\\\/\",\"https:\\\/\\\/www.youtube.com\\\/c\\\/unatcilcaragiale\",\"https:\\\/\\\/www.instagram.com\\\/unatc_ilcaragiale\\\/?hl=en\",\"https:\\\/\\\/www.tiktok.com\\\/@unatc?lang=en\"]},{\"@type\":\"Person\",\"@id\":\"https:\\\/\\\/unatc.ro\\\/devunatc\\\/#\\\/schema\\\/person\\\/85e7b817ed0b809757118b210739e5c8\",\"name\":\"UNATC\",\"url\":\"https:\\\/\\\/unatc.ro\\\/devunatc\\\/author\\\/unatcadmin\\\/\"}]}<\/script>\n<!-- \/ Yoast SEO plugin. -->","yoast_head_json":{"title":"Candida\u021bi alegeri 2023 \u2013 2028 - UNATC","robots":{"index":"index","follow":"follow","max-snippet":"max-snippet:-1","max-image-preview":"max-image-preview:large","max-video-preview":"max-video-preview:-1"},"canonical":"https:\/\/unatc.ro\/devunatc\/candidati-alegeri-2023-2028\/","og_locale":"en_US","og_type":"article","og_title":"Candida\u021bi alegeri 2023 \u2013 2028 - UNATC","og_description":"Aceasta este pagina dedicat\u0103 procesului electoral \u00een conformitate cu Legea \u00cenv\u0103\u021b\u0103m\u00e2ntului Superior nr. 199\/2023, care va stabili componen\u021ba organelor de...","og_url":"https:\/\/unatc.ro\/devunatc\/candidati-alegeri-2023-2028\/","og_site_name":"UNATC","article_publisher":"https:\/\/www.facebook.com\/UNATC.ILC\/","article_published_time":"2023-10-11T11:46:01+00:00","article_modified_time":"2024-01-17T13:46:12+00:00","author":"UNATC","twitter_card":"summary_large_image","twitter_misc":{"Written by":"UNATC","Est. reading time":"2 minutes"},"schema":{"@context":"https:\/\/schema.org","@graph":[{"@type":"Article","@id":"https:\/\/unatc.ro\/devunatc\/candidati-alegeri-2023-2028\/#article","isPartOf":{"@id":"https:\/\/unatc.ro\/devunatc\/candidati-alegeri-2023-2028\/"},"author":{"name":"UNATC","@id":"https:\/\/unatc.ro\/devunatc\/#\/schema\/person\/85e7b817ed0b809757118b210739e5c8"},"headline":"Candida\u021bi alegeri 2023 \u2013 2028","datePublished":"2023-10-11T11:46:01+00:00","dateModified":"2024-01-17T13:46:12+00:00","mainEntityOfPage":{"@id":"https:\/\/unatc.ro\/devunatc\/candidati-alegeri-2023-2028\/"},"wordCount":438,"publisher":{"@id":"https:\/\/unatc.ro\/devunatc\/#organization"},"articleSection":["Administrativ"],"inLanguage":"en-US"},{"@type":"WebPage","@id":"https:\/\/unatc.ro\/devunatc\/candidati-alegeri-2023-2028\/","url":"https:\/\/unatc.ro\/devunatc\/candidati-alegeri-2023-2028\/","name":"Candida\u021bi alegeri 2023 \u2013 2028 - UNATC","isPartOf":{"@id":"https:\/\/unatc.ro\/devunatc\/#website"},"datePublished":"2023-10-11T11:46:01+00:00","dateModified":"2024-01-17T13:46:12+00:00","breadcrumb":{"@id":"https:\/\/unatc.ro\/devunatc\/candidati-alegeri-2023-2028\/#breadcrumb"},"inLanguage":"en-US","potentialAction":[{"@type":"ReadAction","target":["https:\/\/unatc.ro\/devunatc\/candidati-alegeri-2023-2028\/"]}]},{"@type":"BreadcrumbList","@id":"https:\/\/unatc.ro\/devunatc\/candidati-alegeri-2023-2028\/#breadcrumb","itemListElement":[{"@type":"ListItem","position":1,"name":"Home","item":"https:\/\/unatc.ro\/devunatc\/"},{"@type":"ListItem","position":2,"name":"Candida\u021bi alegeri 2023 \u2013 2028"}]},{"@type":"WebSite","@id":"https:\/\/unatc.ro\/devunatc\/#website","url":"https:\/\/unatc.ro\/devunatc\/","name":"UNATC","description":"","publisher":{"@id":"https:\/\/unatc.ro\/devunatc\/#organization"},"potentialAction":[{"@type":"SearchAction","target":{"@type":"EntryPoint","urlTemplate":"https:\/\/unatc.ro\/devunatc\/?s={search_term_string}"},"query-input":{"@type":"PropertyValueSpecification","valueRequired":true,"valueName":"search_term_string"}}],"inLanguage":"en-US"},{"@type":"Organization","@id":"https:\/\/unatc.ro\/devunatc\/#organization","name":"UNATC","url":"https:\/\/unatc.ro\/devunatc\/","logo":{"@type":"ImageObject","inLanguage":"en-US","@id":"https:\/\/unatc.ro\/devunatc\/#\/schema\/logo\/image\/","url":"https:\/\/unatc.ro\/devunatc\/wp-content\/uploads\/2025\/07\/unatc_logo.png","contentUrl":"https:\/\/unatc.ro\/devunatc\/wp-content\/uploads\/2025\/07\/unatc_logo.png","width":480,"height":469,"caption":"UNATC"},"image":{"@id":"https:\/\/unatc.ro\/devunatc\/#\/schema\/logo\/image\/"},"sameAs":["https:\/\/www.facebook.com\/UNATC.ILC\/","https:\/\/www.youtube.com\/c\/unatcilcaragiale","https:\/\/www.instagram.com\/unatc_ilcaragiale\/?hl=en","https:\/\/www.tiktok.com\/@unatc?lang=en"]},{"@type":"Person","@id":"https:\/\/unatc.ro\/devunatc\/#\/schema\/person\/85e7b817ed0b809757118b210739e5c8","name":"UNATC","url":"https:\/\/unatc.ro\/devunatc\/author\/unatcadmin\/"}]}},"jetpack_featured_media_url":"","jetpack_sharing_enabled":true,"gt_translate_keys":[{"key":"link","format":"url"}],"category_names":["Administrativ"],"category_details":[{"id":226,"name":"Administrativ","slug":"administrativ","description":"","count":133,"link":"https:\/\/unatc.ro\/devunatc\/category\/administrativ\/"}],"_links":{"self":[{"href":"https:\/\/unatc.ro\/devunatc\/wp-json\/wp\/v2\/posts\/12027","targetHints":{"allow":["GET"]}}],"collection":[{"href":"https:\/\/unatc.ro\/devunatc\/wp-json\/wp\/v2\/posts"}],"about":[{"href":"https:\/\/unatc.ro\/devunatc\/wp-json\/wp\/v2\/types\/post"}],"author":[{"embeddable":true,"href":"https:\/\/unatc.ro\/devunatc\/wp-json\/wp\/v2\/users\/1"}],"replies":[{"embeddable":true,"href":"https:\/\/unatc.ro\/devunatc\/wp-json\/wp\/v2\/comments?post=12027"}],"version-history":[{"count":21,"href":"https:\/\/unatc.ro\/devunatc\/wp-json\/wp\/v2\/posts\/12027\/revisions"}],"predecessor-version":[{"id":12635,"href":"https:\/\/unatc.ro\/devunatc\/wp-json\/wp\/v2\/posts\/12027\/revisions\/12635"}],"wp:attachment":[{"href":"https:\/\/unatc.ro\/devunatc\/wp-json\/wp\/v2\/media?parent=12027"}],"wp:term":[{"taxonomy":"category","embeddable":true,"href":"https:\/\/unatc.ro\/devunatc\/wp-json\/wp\/v2\/categories?post=12027"},{"taxonomy":"post_tag","embeddable":true,"href":"https:\/\/unatc.ro\/devunatc\/wp-json\/wp\/v2\/tags?post=12027"},{"taxonomy":"erasmus_universities_programs","embeddable":true,"href":"https:\/\/unatc.ro\/devunatc\/wp-json\/wp\/v2\/erasmus_universities_programs?post=12027"}],"curies":[{"name":"wp","href":"https:\/\/api.w.org\/{rel}","templated":true}]}}