{"id":1323,"date":"2020-10-31T14:47:30","date_gmt":"2020-10-31T12:47:30","guid":{"rendered":"https:\/\/unatc.ro\/devunatc\/?post_type=post_type_departamen&#038;p=1323"},"modified":"2023-12-22T17:47:26","modified_gmt":"2023-12-22T15:47:26","slug":"cinematografie-fotografie-media-imagine-de-film-si-tv","status":"publish","type":"post_type_departamen","link":"https:\/\/unatc.ro\/devunatc\/departament\/cinematografie-fotografie-media-imagine-de-film-si-tv\/","title":{"rendered":"Cinematografie, Fotografie, Media (Imagine de film \u0219i TV)"},"content":{"rendered":"","protected":false},"featured_media":1227,"menu_order":0,"template":"page-templates\/page-specializare.php","meta":[],"categories":[134,10,16],"tags":[],"class_list":["post-1323","post_type_departamen","type-post_type_departamen","status-publish","has-post-thumbnail","hentry","category-departamentul-imagine-de-film-si-tv","category-ffilm","category-licenta"],"acf":{"galerie_foto":[{"poza":1229,"caption":"","credit":"","link_extern":""},{"poza":1228,"caption":"","credit":"","link_extern":""},{"poza":1227,"caption":"","credit":"","link_extern":""}],"anul_1":[{"nume_curs":1805},{"nume_curs":1729},{"nume_curs":1979},{"nume_curs":1980},{"nume_curs":1981},{"nume_curs":1982},{"nume_curs":12173},{"nume_curs":1733},{"nume_curs":1783}],"anul_2":[{"nume_curs":12408},{"nume_curs":1923},{"nume_curs":1729},{"nume_curs":12508},{"nume_curs":1980},{"nume_curs":1981},{"nume_curs":1982},{"nume_curs":1944},{"nume_curs":1983},{"nume_curs":1733},{"nume_curs":1783}],"anul_3":[{"nume_curs":1943},{"nume_curs":1729},{"nume_curs":1749},{"nume_curs":1935},{"nume_curs":1944},{"nume_curs":1934},{"nume_curs":1945},{"nume_curs":1986}],"anul_4":null,"titlu_prezentare_curicula":"","text_prezentare_curicula":"\u00cen cadrul acestui program, studen\u021bii dob\u00e2ndesc cuno\u0219tin\u021be at\u00e2t \u00een ceea ce prive\u0219te tehnica imaginii de film \u0219i TV, modalitatea de func\u021bionare a echipamentului de specialitate, c\u00e2t \u0219i \u00een ceea ce prive\u0219te limbajul cinematografic vizual.Timp de trei ani, ei \u00ee\u0219i formeaz\u0103 cultura cinematografic\u0103, \u00ee\u0219i exploreaz\u0103 \u0219i \u00ee\u0219i dezvolt\u0103 abilit\u0103\u021bile de exprimare \u0219i talentul creator \u0219i, totodat\u0103, pun bazele unei experien\u021be practice solide. Programul are \u00een vedere, \u00een acest sens, preg\u0103tirea studen\u021bilor \u00een realizarea practic\u0103 a imaginii scurtmetrajelor de fic\u021biune, documentarelor, reportajelor, clipurilor publicitare sau muzicale. Ei exploreaz\u0103 diverse suporturi (digital, pelicul\u0103 35mm alb- negru, pelicul\u0103 35mm color), iar fiecare examen este preg\u0103tit printr-o serie de exerci\u021bii realizate la clas\u0103. Nu \u00een ultimul r\u00e2nd, exerseaz\u0103 lucru \u00een cadrul unei echipei de crea\u021bie.","numar_de_locuri_specializare":14,"numar_de_locuri_specializare_taxa":"","ani_studiu_ciclu_specializare":3,"credite_studii_specializare":180,"website_program":"","titlu_prezentare_departament":"","text_prezentare_departament":"\u00cen cadrul acestui program, studen\u021bii dob\u00e2ndesc cuno\u0219tin\u021be at\u00e2t \u00een ceea ce prive\u0219te tehnica imaginii de film \u0219i TV, modalitatea de func\u021bionare a echipamentului de specialitate, c\u00e2t \u0219i \u00een ceea ce prive\u0219te limbajul cinematografic vizual.Timp de trei ani, ei \u00ee\u0219i formeaz\u0103 cultura cinematografic\u0103, \u00ee\u0219i exploreaz\u0103 \u0219i \u00ee\u0219i dezvolt\u0103 abilit\u0103\u021bile de exprimare \u0219i talentul creator \u0219i, totodat\u0103, pun bazele unei experien\u021be practice solide. Programul are \u00een vedere, \u00een acest sens, preg\u0103tirea studen\u021bilor \u00een realizarea practic\u0103 a imaginii scurtmetrajelor de fic\u021biune, documentarelor, reportajelor, clipurilor publicitare sau muzicale. Ei exploreaz\u0103 diverse suporturi (digital, pelicul\u0103 35mm alb- negru, pelicul\u0103 35mm color), iar fiecare examen este preg\u0103tit printr-o serie de exerci\u021bii realizate la clas\u0103. Nu \u00een ultimul r\u00e2nd, exerseaz\u0103 lucru \u00een cadrul unei echipei de crea\u021bie.","alternative_page_title":"Imagine de film \u0219i TV","page_contact_email":""},"yoast_head":"<!-- This site is optimized with the Yoast SEO plugin v27.4 - https:\/\/yoast.com\/product\/yoast-seo-wordpress\/ -->\n<title>Cinematografie, Fotografie, Media (Imagine de film \u0219i TV) - UNATC<\/title>\n<meta name=\"robots\" content=\"index, follow, max-snippet:-1, max-image-preview:large, max-video-preview:-1\" \/>\n<link rel=\"canonical\" href=\"https:\/\/unatc.ro\/devunatc\/departament\/cinematografie-fotografie-media-imagine-de-film-si-tv\/\" \/>\n<meta property=\"og:locale\" content=\"en_US\" \/>\n<meta property=\"og:type\" content=\"article\" \/>\n<meta property=\"og:title\" content=\"Cinematografie, Fotografie, Media (Imagine de film \u0219i TV) - UNATC\" \/>\n<meta property=\"og:url\" content=\"https:\/\/unatc.ro\/devunatc\/departament\/cinematografie-fotografie-media-imagine-de-film-si-tv\/\" \/>\n<meta property=\"og:site_name\" content=\"UNATC\" \/>\n<meta property=\"article:publisher\" content=\"https:\/\/www.facebook.com\/UNATC.ILC\/\" \/>\n<meta property=\"article:modified_time\" content=\"2023-12-22T15:47:26+00:00\" \/>\n<meta property=\"og:image\" content=\"https:\/\/unatc.ro\/devunatc\/wp-content\/uploads\/2020\/10\/imagine-film-scaled.jpg\" \/>\n\t<meta property=\"og:image:width\" content=\"2560\" \/>\n\t<meta property=\"og:image:height\" content=\"917\" \/>\n\t<meta property=\"og:image:type\" content=\"image\/jpeg\" \/>\n<meta name=\"twitter:card\" content=\"summary_large_image\" \/>\n<script type=\"application\/ld+json\" class=\"yoast-schema-graph\">{\"@context\":\"https:\\\/\\\/schema.org\",\"@graph\":[{\"@type\":\"WebPage\",\"@id\":\"https:\\\/\\\/unatc.ro\\\/devunatc\\\/departament\\\/cinematografie-fotografie-media-imagine-de-film-si-tv\\\/\",\"url\":\"https:\\\/\\\/unatc.ro\\\/devunatc\\\/departament\\\/cinematografie-fotografie-media-imagine-de-film-si-tv\\\/\",\"name\":\"Cinematografie, Fotografie, Media (Imagine de film \u0219i TV) - UNATC\",\"isPartOf\":{\"@id\":\"https:\\\/\\\/unatc.ro\\\/devunatc\\\/#website\"},\"primaryImageOfPage\":{\"@id\":\"https:\\\/\\\/unatc.ro\\\/devunatc\\\/departament\\\/cinematografie-fotografie-media-imagine-de-film-si-tv\\\/#primaryimage\"},\"image\":{\"@id\":\"https:\\\/\\\/unatc.ro\\\/devunatc\\\/departament\\\/cinematografie-fotografie-media-imagine-de-film-si-tv\\\/#primaryimage\"},\"thumbnailUrl\":\"https:\\\/\\\/unatc.ro\\\/devunatc\\\/wp-content\\\/uploads\\\/2020\\\/10\\\/imagine-film-scaled.jpg\",\"datePublished\":\"2020-10-31T12:47:30+00:00\",\"dateModified\":\"2023-12-22T15:47:26+00:00\",\"breadcrumb\":{\"@id\":\"https:\\\/\\\/unatc.ro\\\/devunatc\\\/departament\\\/cinematografie-fotografie-media-imagine-de-film-si-tv\\\/#breadcrumb\"},\"inLanguage\":\"en-US\",\"potentialAction\":[{\"@type\":\"ReadAction\",\"target\":[\"https:\\\/\\\/unatc.ro\\\/devunatc\\\/departament\\\/cinematografie-fotografie-media-imagine-de-film-si-tv\\\/\"]}]},{\"@type\":\"ImageObject\",\"inLanguage\":\"en-US\",\"@id\":\"https:\\\/\\\/unatc.ro\\\/devunatc\\\/departament\\\/cinematografie-fotografie-media-imagine-de-film-si-tv\\\/#primaryimage\",\"url\":\"https:\\\/\\\/unatc.ro\\\/devunatc\\\/wp-content\\\/uploads\\\/2020\\\/10\\\/imagine-film-scaled.jpg\",\"contentUrl\":\"https:\\\/\\\/unatc.ro\\\/devunatc\\\/wp-content\\\/uploads\\\/2020\\\/10\\\/imagine-film-scaled.jpg\",\"width\":2560,\"height\":917,\"caption\":\"UNATC Imagine de Film\"},{\"@type\":\"BreadcrumbList\",\"@id\":\"https:\\\/\\\/unatc.ro\\\/devunatc\\\/departament\\\/cinematografie-fotografie-media-imagine-de-film-si-tv\\\/#breadcrumb\",\"itemListElement\":[{\"@type\":\"ListItem\",\"position\":1,\"name\":\"Home\",\"item\":\"https:\\\/\\\/unatc.ro\\\/devunatc\\\/\"},{\"@type\":\"ListItem\",\"position\":2,\"name\":\"Cinematografie, Fotografie, Media (Imagine de film \u0219i TV)\"}]},{\"@type\":\"WebSite\",\"@id\":\"https:\\\/\\\/unatc.ro\\\/devunatc\\\/#website\",\"url\":\"https:\\\/\\\/unatc.ro\\\/devunatc\\\/\",\"name\":\"UNATC\",\"description\":\"\",\"publisher\":{\"@id\":\"https:\\\/\\\/unatc.ro\\\/devunatc\\\/#organization\"},\"potentialAction\":[{\"@type\":\"SearchAction\",\"target\":{\"@type\":\"EntryPoint\",\"urlTemplate\":\"https:\\\/\\\/unatc.ro\\\/devunatc\\\/?s={search_term_string}\"},\"query-input\":{\"@type\":\"PropertyValueSpecification\",\"valueRequired\":true,\"valueName\":\"search_term_string\"}}],\"inLanguage\":\"en-US\"},{\"@type\":\"Organization\",\"@id\":\"https:\\\/\\\/unatc.ro\\\/devunatc\\\/#organization\",\"name\":\"UNATC\",\"url\":\"https:\\\/\\\/unatc.ro\\\/devunatc\\\/\",\"logo\":{\"@type\":\"ImageObject\",\"inLanguage\":\"en-US\",\"@id\":\"https:\\\/\\\/unatc.ro\\\/devunatc\\\/#\\\/schema\\\/logo\\\/image\\\/\",\"url\":\"https:\\\/\\\/unatc.ro\\\/devunatc\\\/wp-content\\\/uploads\\\/2025\\\/07\\\/unatc_logo.png\",\"contentUrl\":\"https:\\\/\\\/unatc.ro\\\/devunatc\\\/wp-content\\\/uploads\\\/2025\\\/07\\\/unatc_logo.png\",\"width\":480,\"height\":469,\"caption\":\"UNATC\"},\"image\":{\"@id\":\"https:\\\/\\\/unatc.ro\\\/devunatc\\\/#\\\/schema\\\/logo\\\/image\\\/\"},\"sameAs\":[\"https:\\\/\\\/www.facebook.com\\\/UNATC.ILC\\\/\",\"https:\\\/\\\/www.youtube.com\\\/c\\\/unatcilcaragiale\",\"https:\\\/\\\/www.instagram.com\\\/unatc_ilcaragiale\\\/?hl=en\",\"https:\\\/\\\/www.tiktok.com\\\/@unatc?lang=en\"]}]}<\/script>\n<!-- \/ Yoast SEO plugin. -->","yoast_head_json":{"title":"Cinematografie, Fotografie, Media (Imagine de film \u0219i TV) - UNATC","robots":{"index":"index","follow":"follow","max-snippet":"max-snippet:-1","max-image-preview":"max-image-preview:large","max-video-preview":"max-video-preview:-1"},"canonical":"https:\/\/unatc.ro\/devunatc\/departament\/cinematografie-fotografie-media-imagine-de-film-si-tv\/","og_locale":"en_US","og_type":"article","og_title":"Cinematografie, Fotografie, Media (Imagine de film \u0219i TV) - UNATC","og_url":"https:\/\/unatc.ro\/devunatc\/departament\/cinematografie-fotografie-media-imagine-de-film-si-tv\/","og_site_name":"UNATC","article_publisher":"https:\/\/www.facebook.com\/UNATC.ILC\/","article_modified_time":"2023-12-22T15:47:26+00:00","og_image":[{"width":2560,"height":917,"url":"https:\/\/unatc.ro\/devunatc\/wp-content\/uploads\/2020\/10\/imagine-film-scaled.jpg","type":"image\/jpeg"}],"twitter_card":"summary_large_image","schema":{"@context":"https:\/\/schema.org","@graph":[{"@type":"WebPage","@id":"https:\/\/unatc.ro\/devunatc\/departament\/cinematografie-fotografie-media-imagine-de-film-si-tv\/","url":"https:\/\/unatc.ro\/devunatc\/departament\/cinematografie-fotografie-media-imagine-de-film-si-tv\/","name":"Cinematografie, Fotografie, Media (Imagine de film \u0219i TV) - UNATC","isPartOf":{"@id":"https:\/\/unatc.ro\/devunatc\/#website"},"primaryImageOfPage":{"@id":"https:\/\/unatc.ro\/devunatc\/departament\/cinematografie-fotografie-media-imagine-de-film-si-tv\/#primaryimage"},"image":{"@id":"https:\/\/unatc.ro\/devunatc\/departament\/cinematografie-fotografie-media-imagine-de-film-si-tv\/#primaryimage"},"thumbnailUrl":"https:\/\/unatc.ro\/devunatc\/wp-content\/uploads\/2020\/10\/imagine-film-scaled.jpg","datePublished":"2020-10-31T12:47:30+00:00","dateModified":"2023-12-22T15:47:26+00:00","breadcrumb":{"@id":"https:\/\/unatc.ro\/devunatc\/departament\/cinematografie-fotografie-media-imagine-de-film-si-tv\/#breadcrumb"},"inLanguage":"en-US","potentialAction":[{"@type":"ReadAction","target":["https:\/\/unatc.ro\/devunatc\/departament\/cinematografie-fotografie-media-imagine-de-film-si-tv\/"]}]},{"@type":"ImageObject","inLanguage":"en-US","@id":"https:\/\/unatc.ro\/devunatc\/departament\/cinematografie-fotografie-media-imagine-de-film-si-tv\/#primaryimage","url":"https:\/\/unatc.ro\/devunatc\/wp-content\/uploads\/2020\/10\/imagine-film-scaled.jpg","contentUrl":"https:\/\/unatc.ro\/devunatc\/wp-content\/uploads\/2020\/10\/imagine-film-scaled.jpg","width":2560,"height":917,"caption":"UNATC Imagine de Film"},{"@type":"BreadcrumbList","@id":"https:\/\/unatc.ro\/devunatc\/departament\/cinematografie-fotografie-media-imagine-de-film-si-tv\/#breadcrumb","itemListElement":[{"@type":"ListItem","position":1,"name":"Home","item":"https:\/\/unatc.ro\/devunatc\/"},{"@type":"ListItem","position":2,"name":"Cinematografie, Fotografie, Media (Imagine de film \u0219i TV)"}]},{"@type":"WebSite","@id":"https:\/\/unatc.ro\/devunatc\/#website","url":"https:\/\/unatc.ro\/devunatc\/","name":"UNATC","description":"","publisher":{"@id":"https:\/\/unatc.ro\/devunatc\/#organization"},"potentialAction":[{"@type":"SearchAction","target":{"@type":"EntryPoint","urlTemplate":"https:\/\/unatc.ro\/devunatc\/?s={search_term_string}"},"query-input":{"@type":"PropertyValueSpecification","valueRequired":true,"valueName":"search_term_string"}}],"inLanguage":"en-US"},{"@type":"Organization","@id":"https:\/\/unatc.ro\/devunatc\/#organization","name":"UNATC","url":"https:\/\/unatc.ro\/devunatc\/","logo":{"@type":"ImageObject","inLanguage":"en-US","@id":"https:\/\/unatc.ro\/devunatc\/#\/schema\/logo\/image\/","url":"https:\/\/unatc.ro\/devunatc\/wp-content\/uploads\/2025\/07\/unatc_logo.png","contentUrl":"https:\/\/unatc.ro\/devunatc\/wp-content\/uploads\/2025\/07\/unatc_logo.png","width":480,"height":469,"caption":"UNATC"},"image":{"@id":"https:\/\/unatc.ro\/devunatc\/#\/schema\/logo\/image\/"},"sameAs":["https:\/\/www.facebook.com\/UNATC.ILC\/","https:\/\/www.youtube.com\/c\/unatcilcaragiale","https:\/\/www.instagram.com\/unatc_ilcaragiale\/?hl=en","https:\/\/www.tiktok.com\/@unatc?lang=en"]}]}},"jetpack_sharing_enabled":true,"_links":{"self":[{"href":"https:\/\/unatc.ro\/devunatc\/wp-json\/wp\/v2\/departament\/1323","targetHints":{"allow":["GET"]}}],"collection":[{"href":"https:\/\/unatc.ro\/devunatc\/wp-json\/wp\/v2\/departament"}],"about":[{"href":"https:\/\/unatc.ro\/devunatc\/wp-json\/wp\/v2\/types\/post_type_departamen"}],"wp:featuredmedia":[{"embeddable":true,"href":"https:\/\/unatc.ro\/devunatc\/wp-json\/wp\/v2\/media\/1227"}],"wp:attachment":[{"href":"https:\/\/unatc.ro\/devunatc\/wp-json\/wp\/v2\/media?parent=1323"}],"wp:term":[{"taxonomy":"category","embeddable":true,"href":"https:\/\/unatc.ro\/devunatc\/wp-json\/wp\/v2\/categories?post=1323"},{"taxonomy":"post_tag","embeddable":true,"href":"https:\/\/unatc.ro\/devunatc\/wp-json\/wp\/v2\/tags?post=1323"}],"curies":[{"name":"wp","href":"https:\/\/api.w.org\/{rel}","templated":true}]}}