{"id":16055,"date":"2025-12-10T17:06:57","date_gmt":"2025-12-10T15:06:57","guid":{"rendered":"https:\/\/unatc.ro\/devunatc\/?post_type=cariere_posturi&#038;p=16055"},"modified":"2026-01-13T12:30:58","modified_gmt":"2026-01-13T10:30:58","slug":"contabil-sef-9","status":"publish","type":"cariere_posturi","link":"https:\/\/unatc.ro\/devunatc\/cariere-posturi\/contabil-sef-9\/","title":{"rendered":"Contabil \u0218ef"},"content":{"rendered":"\n<p>Conform OU156\/2024 art. VII alin (9) continu\u0103 procedura de concurs pentru:<\/p>\n\n\n\n<p>UNATC \u201e I L Caragiale\u201d organizeaz\u0103 concurs conform H.G. nr. 1336\/2022 pentru ocuparea func\u0163iei contractuale vacante de Contabil \u0218ef, norm\u0103 \u00eentreag\u0103, 8 ore\/zi, un post, perioad\u0103 nedeterminat\u0103, cu perioad\u0103 de prob\u0103 120 zile.<\/p>\n\n\n\n<p><strong>Condi\u021bii generale:<\/strong><\/p>\n\n\n\n<ul class=\"wp-block-list\">\n<li>are cet\u0103\u0163enia rom\u00e2n\u0103 sau cet\u0103\u0163enia unui alt stat membru al Uniunii Europene, a unui stat parte la Acordul privind Spa\u0163iul Economic European (SEE) sau cet\u0103\u0163enia Confedera\u0163iei Elve\u0163iene;<\/li>\n\n\n\n<li>cunoa\u015fte limba rom\u00e2n\u0103, scris \u015fi vorbit;<\/li>\n\n\n\n<li>are capacitate de munc\u0103 \u00een conformitate cu prevederile Legii nr.&nbsp;<a href=\"https:\/\/idrept.ro\/00140284.htm\"><strong>53\/2003<\/strong><\/a>&nbsp;&#8211;&nbsp;<a href=\"https:\/\/idrept.ro\/00140285.htm\"><strong>Codul muncii<\/strong><\/a>, republicat\u0103, cu modific\u0103rile \u015fi complet\u0103rile ulterioare;<\/li>\n\n\n\n<li>are o stare de s\u0103n\u0103tate corespunz\u0103toare postului pentru care candideaz\u0103, atestat\u0103 pe baza adeverin\u0163ei medicale eliberate de medicul de familie sau de unit\u0103\u0163ile sanitare abilitate;<\/li>\n\n\n\n<li>\u00eendepline\u015fte condi\u0163iile de studii, de vechime \u00een specialitate \u015fi, dup\u0103 caz, alte condi\u0163ii specifice potrivit cerin\u0163elor postului scos la concurs;<\/li>\n\n\n\n<li>nu a fost condamnat\u0103 definitiv pentru s\u0103v\u00e2r\u015firea unei infrac\u0163iuni contra securit\u0103\u0163ii na\u0163ionale, contra autorit\u0103\u0163ii, contra umanit\u0103\u0163ii, infrac\u0163iuni de corup\u0163ie sau de serviciu, infrac\u0163iuni de fals ori contra \u00eenf\u0103ptuirii justi\u0163iei, infrac\u0163iuni s\u0103v\u00e2r\u015fite cu inten\u0163ie care ar face o persoan\u0103 candidat\u0103 la post incompatibil\u0103 cu exercitarea func\u0163iei contractuale pentru care candideaz\u0103, cu excep\u0163ia situa\u0163iei \u00een care a intervenit reabilitarea;<\/li>\n\n\n\n<li>nu execut\u0103 o pedeaps\u0103 complementar\u0103 prin care i-a fost interzis\u0103 exercitarea dreptului de a ocupa func\u0163ia, de a exercita profesia sau meseria ori de a desf\u0103\u015fura activitatea de care s-a folosit pentru s\u0103v\u00e2r\u015firea infrac\u0163iunii sau fa\u0163\u0103 de aceasta nu s-a luat m\u0103sura de siguran\u0163\u0103 a interzicerii ocup\u0103rii unei func\u0163ii sau a exercit\u0103rii unei profesii;<\/li>\n\n\n\n<li>nu a comis infrac\u0163iunile prev\u0103zute la art. 1 alin. (2) din Legea nr.&nbsp;<a href=\"https:\/\/idrept.ro\/00202346.htm\"><strong>118\/2019<\/strong><\/a>&nbsp;privind Registrul na\u0163ional automatizat cu privire la persoanele care au comis infrac\u0163iuni sexuale, de exploatare a unor persoane sau asupra minorilor, precum \u015fi pentru completarea Legii nr.&nbsp;<a href=\"https:\/\/idrept.ro\/00111151.htm\"><strong>76\/2008<\/strong><\/a>&nbsp;privind organizarea \u015fi func\u0163ionarea Sistemului Na\u0163ional de Date Genetice Judiciare, cu modific\u0103rile ulterioare, pentru domeniile prev\u0103zute la art. 35 alin. (1) lit. h).<\/li>\n<\/ul>\n\n\n\n<p><strong>Pentru participarea la concurs candida\u0163ii trebuie s\u0103 \u00eendeplineasc\u0103 urm\u0103toarele condi\u0163ii specifice:<\/strong><\/p>\n\n\n\n<ul class=\"wp-block-list\">\n<li>Licen\u0163iat \u00een domeniul economic &#8211; de o institu\u021bie de \u00eenv\u0103\u021b\u0103m\u00e2nt superior acreditat\u0103 \u00een condi\u021biile legii;&nbsp;&nbsp;<\/li>\n\n\n\n<li>Vechime \u00een specialitatea studiilor minim 10 ani;<\/li>\n\n\n\n<li>Competen\u021be de operare PC \u2013 MS Office (Excel, Word etc.), navigare internet \u0219i utilizarea programelor specific contabilit\u0103\u021bii bugetare (SICAP, FOREXEBUG, EDUSAL etc.)<\/li>\n\n\n\n<li>Prezint\u0103 avantaj: vechime \u00een specialitate \u00eentr-o institu\u021bie de stat, experien\u021ba \u00eentr-o func\u021bie de conducere.&nbsp;&nbsp;&nbsp;<\/li>\n<\/ul>\n\n\n\n<p><strong>Abilit\u0103\u021bi, calit\u0103\u021bi \u0219i aptitudini necesare<\/strong>:<\/p>\n\n\n\n<ul class=\"wp-block-list\">\n<li>disponibilitate pentru program flexibil;<\/li>\n\n\n\n<li>abilit\u0103\u021bi de lucru \u00een echip\u0103;<\/li>\n\n\n\n<li>abilit\u0103\u021bi de comunicare \u0219i rela\u021bionare;<\/li>\n\n\n\n<li>capacitate de a lua decizii rapide \u0219i eficiente;<\/li>\n<\/ul>\n\n\n\n<p><strong>Pentru \u00eenscriere dosarul va con\u021bine<\/strong><\/p>\n\n\n\n<p><\/p>\n\n\n\n<ul class=\"wp-block-list\">\n<li>formular tip de \u00eenscriere la concurs, se va completa la sediul universit\u0103\u0163ii;<\/li>\n\n\n\n<li>copia actului de identitate sau orice alt document care atest\u0103 identitatea, potrivit legii, aflate \u00een termen de valabilitate;<\/li>\n\n\n\n<li>copia certificatului de c\u0103s\u0103torie sau a altui document prin care s-a realizat schimbarea de nume, dup\u0103 caz;<\/li>\n\n\n\n<li>copiile documentelor care atest\u0103 nivelul studiilor \u015fi ale altor acte care atest\u0103 efectuarea unor specializ\u0103ri, precum \u015fi copiile documentelor care atest\u0103 \u00eendeplinirea condi\u0163iilor specifice ale postului solicitate de autoritatea sau institu\u0163ia public\u0103;<\/li>\n\n\n\n<li>copia carnetului de munc\u0103, a adeverin\u0163ei eliberate de angajator pentru perioada lucrat\u0103, care s\u0103 ateste vechimea \u00een munc\u0103 \u015fi \u00een specialitatea studiilor solicitate pentru ocuparea postului;<\/li>\n\n\n\n<li>certificat de cazier judiciar sau, dup\u0103 caz, extrasul de pe cazierul judiciar;<\/li>\n\n\n\n<li>certificat medical eliberat de c\u0103tre medicul specialist de medicina muncii \u00een baza avizului medical emis de c\u0103tre medicul specialist psihiatru \u015fi a adeverin\u0163ei medicale eliberate de c\u0103tre medicul de familie conform art. 1 din Ordinul nr. 4060 din 27 martie 2024 privind aprobarea modului de acordare a avizelor medicale pentru exercitarea func\u0163iilor didactice de predare sau didactice auxiliare \u015fi a modelului de certificat medical pentru \u00eencadrarea \u00eentr-o func\u0163ie didactic\u0103 de predare sau didactic\u0103 auxiliar\u0103 din \u00eenv\u0103\u0163\u0103m\u00e2ntul superior;<\/li>\n\n\n\n<li>certificatul de integritate comportamental\u0103 din care s\u0103 reias\u0103 c\u0103 nu s-au comis infrac\u0163iuni prev\u0103zute la art. 1 alin. (2) din Legea nr.&nbsp;<a href=\"https:\/\/idrept.ro\/00202346.htm\"><strong>118\/2019<\/strong><\/a>&nbsp;privind Registrul na\u0163ional automatizat cu privire la persoanele care au comis infrac\u0163iuni sexuale, de exploatare a unor persoane sau asupra minorilor, precum \u015fi pentru completarea Legii nr.&nbsp;<a href=\"https:\/\/idrept.ro\/00111151.htm\"><strong>76\/2008<\/strong><\/a>&nbsp;privind organizarea \u015fi func\u0163ionarea Sistemului Na\u0163ional de Date Genetice Judiciare, cu modific\u0103rile ulterioare<\/li>\n\n\n\n<li>curriculum vitae, model comun european.<br><br>Documentele se vor prezenta \u0219i \u00een original.<\/li>\n<\/ul>\n\n\n\n<p><strong>Concursul va avea loc \u00een sediul din Str. Matei Voievod, nr. 75 &#8211; 77 \u0219i const\u0103 \u00een selec\u021bia dosarelor de concurs, prob\u0103 scris\u0103 \u0219i interviu.&nbsp;<\/strong><\/p>\n\n\n\n<p><strong>\u00censcrierea \u015fi depunerea dosarului<\/strong> se va face la Serviciul Managementul Resurselor Umane \u00eencep\u00e2nd cu data de: <strong>08.12.2025<\/strong> p\u00e2n\u0103 \u00een data de <strong>19.12.2025 ora 16<\/strong><strong><sup>00<\/sup><\/strong><strong>.<\/strong>&nbsp;<\/p>\n\n\n\n<p><strong>selec\u0163ia dosarelor de \u00eenscriere:<\/strong><\/p>\n\n\n\n<ul class=\"wp-block-list\">\n<li>desf\u0103\u015furare \u00een data de 22.12.2025;<\/li>\n\n\n\n<li>comunicarea rezultatelor 22.12.2025 dup\u0103 ora 16<sup>30<\/sup>;<\/li>\n\n\n\n<li>depunerea contesta\u0163iilor 23.12.2025 p\u00e2n\u0103 la ora 14<sup>00<\/sup>;<\/li>\n\n\n\n<li>comunicarea\u00a0 rezultatelor \u00een urma solu\u0163ion\u0103rii contesta\u0163iilor 24.12.2025 dup\u0103 ora 16<sup>30<\/sup><\/li>\n<\/ul>\n\n\n\n<p><strong>proba scris\u0103:<\/strong>\u00a0<\/p>\n\n\n\n<ul class=\"wp-block-list\">\n<li>desf\u0103\u015furare \u00een data de 12.01.2026, ora 09<sup>00<\/sup>;<\/li>\n\n\n\n<li>comunicarea rezultatelor 12.01.2026, dup\u0103 ora 16<sup>30<\/sup>;<\/li>\n\n\n\n<li>depunerea contesta\u0163iilor 13.01.2026, p\u00e2n\u0103 la ora 14<sup>00<\/sup>;<\/li>\n\n\n\n<li>comunicarea rezultatelor \u00een urma solu\u0163ion\u0103rii contesta\u0163iilor 14.01.2026, dup\u0103 ora 16<sup>30<\/sup>.<\/li>\n<\/ul>\n\n\n\n<p><strong>proba interviu:<\/strong><\/p>\n\n\n\n<ul class=\"wp-block-list\">\n<li>desf\u0103\u015furare \u00een data de 15.01.2026, ora 11<sup>00<\/sup>;<\/li>\n\n\n\n<li>comunicarea rezultatelor 15.01.2026, dup\u0103 ora 16<sup>30<\/sup>;<\/li>\n\n\n\n<li>depunerea contesta\u0163iilor 16.01.2026, p\u00e2n\u0103 la ora 12<sup>00<\/sup>;<\/li>\n\n\n\n<li>comunicarea rezultatelor finale 19.01.2026, dup\u0103 ora 16<sup>30<\/sup>.<\/li>\n<\/ul>\n\n\n\n<p><\/p>\n\n\n\n<p><strong>BIBLIOGRAFIE<\/strong><\/p>\n\n\n\n<ul class=\"wp-block-list\">\n<li>Legea contabilit\u0103\u021bii nr.82\/1991, republicat\u0103, cu modific\u0103rile \u0219i complet\u0103rile ulterioare;<\/li>\n\n\n\n<li>Legea nr.500\/2002 a finan\u021belor publice, cu modific\u0103rile \u0219i complet\u0103rile ulterioare;<\/li>\n\n\n\n<li>Ordinul nr.1792\/2002 pentru aprobarea Normelor metodologice privind angajarea, lichidarea, ordonan\u0163area \u015fi plata cheltuielilor institu\u0163iilor publice, precum \u015fi organizarea, evidenta \u015fi raportarea angajamentelor bugetare \u015fi legale, cu modific\u0103rile \u0219i complet\u0103rile ulterioare;<\/li>\n\n\n\n<li>Legea nr.227\/2015- Codul fiscal, cu modific\u0103rile \u0219i complet\u0103rile ulterioare;<\/li>\n\n\n\n<li>Ordinul nr.1917\/2005 privind planul de conturi al institu\u021biilor publice, cu modific\u0103rile, cu complet\u0103rile ulterioare si instruc\u021biuni de aplicare (OMFP nr.2021\/2013, OMFP nr.845\/2014, OMFP nr.720\/2014, OMFP nr.465\/2015);<\/li>\n\n\n\n<li>H.G. nr. 841 din 23 octombrie 1995 privind procedurile de transmitere fara plata si de valorificare a bunurilor apar\u021bin\u00e2nd institu\u021biilor publice;<\/li>\n\n\n\n<li>Ordinul nr.2005\/2013 pentru aprobarea Instruc\u021biunilor privind completarea formularului \u201eCerere pentru deschiderea de credite bugetare\u201c, aprobat prin Ordinul ministrului de stat, ministrul finantelor, nr. 1.801\/1995;<\/li>\n\n\n\n<li>Ordinul nr.1954\/2005 pentru aprobarea Clasifica\u021biei indicatorilor privind finan\u021bele publice;<\/li>\n\n\n\n<li>Ordinul nr.2634\/2015 privind documentele financiar-contabile, cu modific\u0103rile \u0219i complet\u0103rile ulterioare;<\/li>\n\n\n\n<li>Ordinul nr.2861\/2009 pentru aprobarea Normelor privind organizarea si efectuarea inventarierii elementelor de natura activelor, datoriilor \u0219i capitalurilor proprii;<\/li>\n\n\n\n<li>Ordinul nr.517\/2016 pentru aprobarea de proceduri aferente unor module care fac parte din procedura de func\u0163ionare a sistemului na\u0163ional de raportare-Forexebug;<\/li>\n\n\n\n<li>Legea \u00eenv\u0103\u021b\u0103m\u00e2ntului superior nr.199\/2023, cu modific\u0103rile \u0219i complet\u0103rile ulterioare;<\/li>\n\n\n\n<li>H.G. nr.714\/2018,<strong> <\/strong>privind drepturile \u0219i obliga\u021biile personalului autorit\u0103\u021bilor \u0219i institu\u021biilor publice pe perioada deleg\u0103rii \u0219i deta\u0219\u0103rii \u00een alt\u0103 localitate, precum \u0219i \u00een cazul deplas\u0103rii \u00een interesul serviciului;<\/li>\n\n\n\n<li>Legea nr.98\/2016 privind achizi\u021biile publice;<\/li>\n\n\n\n<li>Ordinul nr.923\/2014 (*republicat*) pentru aprobarea\u00a0<a href=\"https:\/\/legislatie.just.ro\/Public\/DetaliiDocumentAfis\/268231\">Normelor metodologice generale<\/a>\u00a0referitoare la exercitarea controlului financiar preventiv \u0219i a\u00a0<a href=\"https:\/\/legislatie.just.ro\/Public\/DetaliiDocumentAfis\/268232\">Codului specific<\/a>\u00a0de norme profesionale pentru persoanele care desf\u0103\u0219oar\u0103 activitatea de control financiar preventiv propriu.<\/li>\n<\/ul>\n\n\n\n<p><strong>TEMATIC\u0102<\/strong><\/p>\n\n\n\n<ul class=\"wp-block-list\">\n<li>Modul de formare, administrare, angajare \u0219i utilizare a fondurilor publice \u00een procesul bugetar;<\/li>\n\n\n\n<li>Angajarea, lichidarea, ordonan\u021barea \u0219i plata cheltuielilor institu\u021biilor publice;<\/li>\n\n\n\n<li>Principiile contabile, principiile execu\u021biei bugetare;<\/li>\n\n\n\n<li>Norme generale privind documentele justificative \u0219i financiar-contabile;<\/li>\n\n\n\n<li>Organizarea \u0219i conducerea contabilit\u0103\u021biii institu\u021biilor publice; Planul de conturi \u0219i instruc\u021biunile de aplicare a acestuia;<\/li>\n\n\n\n<li>Documente justificative \u0219i registre de contabilitate;<\/li>\n\n\n\n<li>Forma de \u00eenregistrare \u00een contabilitate \u0219i Balan\u021ba de verificare;<\/li>\n\n\n\n<li>Arhivarea, p\u0103strarea \u0219i reconstituirea documentelor;<\/li>\n\n\n\n<li>Sistemul informatic \u0219i r\u0103spunderea \u00eenregistr\u0103rii cronologice \u0219i sistematice a opera\u021biunilor financiar-contabile;<\/li>\n\n\n\n<li>Exerci\u021biul financiar \u0219i bugetar;<\/li>\n\n\n\n<li>Finan\u021barea \u0219i patrimonial universit\u0103\u021bilor;<\/li>\n\n\n\n<li>Inventarierea patrimoniului;<\/li>\n\n\n\n<li>Raport\u0103ri \u00een sistemul na\u021bional de raportare Forexebug;<\/li>\n\n\n\n<li>Deta\u0219area, delegarea \u0219i alte drepturi;<\/li>\n\n\n\n<li>Acordarea de avansuri \u0219i decontarea lor;<\/li>\n\n\n\n<li>Acordarea vizei Controlului Financiar Preventiv Propriu (CFPP).<\/li>\n<\/ul>\n\n\n\n<p>Informa\u0163ii suplimentare se pot ob\u0163ine la sediul din str. Matei Voievod nr. 75-77, sector 2, Bucure\u015fti, Serviciul Managementul Resurselor Umane, sau la telefon <strong>0733400943.<\/strong><\/p>\n","protected":false},"menu_order":0,"template":"","meta":[],"categories":[226,230],"class_list":["post-16055","cariere_posturi","type-cariere_posturi","status-publish","hentry","category-administrativ","category-directia-financiara"],"acf":[],"yoast_head":"<!-- This site is optimized with the Yoast SEO plugin v27.4 - https:\/\/yoast.com\/product\/yoast-seo-wordpress\/ -->\n<title>Contabil \u0218ef - UNATC<\/title>\n<meta name=\"robots\" content=\"index, follow, max-snippet:-1, max-image-preview:large, max-video-preview:-1\" \/>\n<link rel=\"canonical\" href=\"https:\/\/unatc.ro\/devunatc\/cariere-posturi\/contabil-sef-9\/\" \/>\n<meta property=\"og:locale\" content=\"en_US\" \/>\n<meta property=\"og:type\" content=\"article\" \/>\n<meta property=\"og:title\" content=\"Contabil \u0218ef - UNATC\" \/>\n<meta property=\"og:description\" content=\"Conform OU156\/2024 art. VII alin (9) continu\u0103 procedura de concurs pentru: UNATC \u201e I L Caragiale\u201d organizeaz\u0103 concurs conform H.G....\" \/>\n<meta property=\"og:url\" content=\"https:\/\/unatc.ro\/devunatc\/cariere-posturi\/contabil-sef-9\/\" \/>\n<meta property=\"og:site_name\" content=\"UNATC\" \/>\n<meta property=\"article:publisher\" content=\"https:\/\/www.facebook.com\/UNATC.ILC\/\" \/>\n<meta property=\"article:modified_time\" content=\"2026-01-13T10:30:58+00:00\" \/>\n<meta name=\"twitter:card\" content=\"summary_large_image\" \/>\n<meta name=\"twitter:label1\" content=\"Est. reading time\" \/>\n\t<meta name=\"twitter:data1\" content=\"6 minutes\" \/>\n<script type=\"application\/ld+json\" class=\"yoast-schema-graph\">{\"@context\":\"https:\\\/\\\/schema.org\",\"@graph\":[{\"@type\":\"WebPage\",\"@id\":\"https:\\\/\\\/unatc.ro\\\/devunatc\\\/cariere-posturi\\\/contabil-sef-9\\\/\",\"url\":\"https:\\\/\\\/unatc.ro\\\/devunatc\\\/cariere-posturi\\\/contabil-sef-9\\\/\",\"name\":\"Contabil \u0218ef - UNATC\",\"isPartOf\":{\"@id\":\"https:\\\/\\\/unatc.ro\\\/devunatc\\\/#website\"},\"datePublished\":\"2025-12-10T15:06:57+00:00\",\"dateModified\":\"2026-01-13T10:30:58+00:00\",\"breadcrumb\":{\"@id\":\"https:\\\/\\\/unatc.ro\\\/devunatc\\\/cariere-posturi\\\/contabil-sef-9\\\/#breadcrumb\"},\"inLanguage\":\"en-US\",\"potentialAction\":[{\"@type\":\"ReadAction\",\"target\":[\"https:\\\/\\\/unatc.ro\\\/devunatc\\\/cariere-posturi\\\/contabil-sef-9\\\/\"]}]},{\"@type\":\"BreadcrumbList\",\"@id\":\"https:\\\/\\\/unatc.ro\\\/devunatc\\\/cariere-posturi\\\/contabil-sef-9\\\/#breadcrumb\",\"itemListElement\":[{\"@type\":\"ListItem\",\"position\":1,\"name\":\"Home\",\"item\":\"https:\\\/\\\/unatc.ro\\\/devunatc\\\/\"},{\"@type\":\"ListItem\",\"position\":2,\"name\":\"Contabil \u0218ef\"}]},{\"@type\":\"WebSite\",\"@id\":\"https:\\\/\\\/unatc.ro\\\/devunatc\\\/#website\",\"url\":\"https:\\\/\\\/unatc.ro\\\/devunatc\\\/\",\"name\":\"UNATC\",\"description\":\"\",\"publisher\":{\"@id\":\"https:\\\/\\\/unatc.ro\\\/devunatc\\\/#organization\"},\"potentialAction\":[{\"@type\":\"SearchAction\",\"target\":{\"@type\":\"EntryPoint\",\"urlTemplate\":\"https:\\\/\\\/unatc.ro\\\/devunatc\\\/?s={search_term_string}\"},\"query-input\":{\"@type\":\"PropertyValueSpecification\",\"valueRequired\":true,\"valueName\":\"search_term_string\"}}],\"inLanguage\":\"en-US\"},{\"@type\":\"Organization\",\"@id\":\"https:\\\/\\\/unatc.ro\\\/devunatc\\\/#organization\",\"name\":\"UNATC\",\"url\":\"https:\\\/\\\/unatc.ro\\\/devunatc\\\/\",\"logo\":{\"@type\":\"ImageObject\",\"inLanguage\":\"en-US\",\"@id\":\"https:\\\/\\\/unatc.ro\\\/devunatc\\\/#\\\/schema\\\/logo\\\/image\\\/\",\"url\":\"https:\\\/\\\/unatc.ro\\\/devunatc\\\/wp-content\\\/uploads\\\/2025\\\/07\\\/unatc_logo.png\",\"contentUrl\":\"https:\\\/\\\/unatc.ro\\\/devunatc\\\/wp-content\\\/uploads\\\/2025\\\/07\\\/unatc_logo.png\",\"width\":480,\"height\":469,\"caption\":\"UNATC\"},\"image\":{\"@id\":\"https:\\\/\\\/unatc.ro\\\/devunatc\\\/#\\\/schema\\\/logo\\\/image\\\/\"},\"sameAs\":[\"https:\\\/\\\/www.facebook.com\\\/UNATC.ILC\\\/\",\"https:\\\/\\\/www.youtube.com\\\/c\\\/unatcilcaragiale\",\"https:\\\/\\\/www.instagram.com\\\/unatc_ilcaragiale\\\/?hl=en\",\"https:\\\/\\\/www.tiktok.com\\\/@unatc?lang=en\"]}]}<\/script>\n<!-- \/ Yoast SEO plugin. -->","yoast_head_json":{"title":"Contabil \u0218ef - UNATC","robots":{"index":"index","follow":"follow","max-snippet":"max-snippet:-1","max-image-preview":"max-image-preview:large","max-video-preview":"max-video-preview:-1"},"canonical":"https:\/\/unatc.ro\/devunatc\/cariere-posturi\/contabil-sef-9\/","og_locale":"en_US","og_type":"article","og_title":"Contabil \u0218ef - UNATC","og_description":"Conform OU156\/2024 art. VII alin (9) continu\u0103 procedura de concurs pentru: UNATC \u201e I L Caragiale\u201d organizeaz\u0103 concurs conform H.G....","og_url":"https:\/\/unatc.ro\/devunatc\/cariere-posturi\/contabil-sef-9\/","og_site_name":"UNATC","article_publisher":"https:\/\/www.facebook.com\/UNATC.ILC\/","article_modified_time":"2026-01-13T10:30:58+00:00","twitter_card":"summary_large_image","twitter_misc":{"Est. reading time":"6 minutes"},"schema":{"@context":"https:\/\/schema.org","@graph":[{"@type":"WebPage","@id":"https:\/\/unatc.ro\/devunatc\/cariere-posturi\/contabil-sef-9\/","url":"https:\/\/unatc.ro\/devunatc\/cariere-posturi\/contabil-sef-9\/","name":"Contabil \u0218ef - UNATC","isPartOf":{"@id":"https:\/\/unatc.ro\/devunatc\/#website"},"datePublished":"2025-12-10T15:06:57+00:00","dateModified":"2026-01-13T10:30:58+00:00","breadcrumb":{"@id":"https:\/\/unatc.ro\/devunatc\/cariere-posturi\/contabil-sef-9\/#breadcrumb"},"inLanguage":"en-US","potentialAction":[{"@type":"ReadAction","target":["https:\/\/unatc.ro\/devunatc\/cariere-posturi\/contabil-sef-9\/"]}]},{"@type":"BreadcrumbList","@id":"https:\/\/unatc.ro\/devunatc\/cariere-posturi\/contabil-sef-9\/#breadcrumb","itemListElement":[{"@type":"ListItem","position":1,"name":"Home","item":"https:\/\/unatc.ro\/devunatc\/"},{"@type":"ListItem","position":2,"name":"Contabil \u0218ef"}]},{"@type":"WebSite","@id":"https:\/\/unatc.ro\/devunatc\/#website","url":"https:\/\/unatc.ro\/devunatc\/","name":"UNATC","description":"","publisher":{"@id":"https:\/\/unatc.ro\/devunatc\/#organization"},"potentialAction":[{"@type":"SearchAction","target":{"@type":"EntryPoint","urlTemplate":"https:\/\/unatc.ro\/devunatc\/?s={search_term_string}"},"query-input":{"@type":"PropertyValueSpecification","valueRequired":true,"valueName":"search_term_string"}}],"inLanguage":"en-US"},{"@type":"Organization","@id":"https:\/\/unatc.ro\/devunatc\/#organization","name":"UNATC","url":"https:\/\/unatc.ro\/devunatc\/","logo":{"@type":"ImageObject","inLanguage":"en-US","@id":"https:\/\/unatc.ro\/devunatc\/#\/schema\/logo\/image\/","url":"https:\/\/unatc.ro\/devunatc\/wp-content\/uploads\/2025\/07\/unatc_logo.png","contentUrl":"https:\/\/unatc.ro\/devunatc\/wp-content\/uploads\/2025\/07\/unatc_logo.png","width":480,"height":469,"caption":"UNATC"},"image":{"@id":"https:\/\/unatc.ro\/devunatc\/#\/schema\/logo\/image\/"},"sameAs":["https:\/\/www.facebook.com\/UNATC.ILC\/","https:\/\/www.youtube.com\/c\/unatcilcaragiale","https:\/\/www.instagram.com\/unatc_ilcaragiale\/?hl=en","https:\/\/www.tiktok.com\/@unatc?lang=en"]}]}},"jetpack_sharing_enabled":true,"_links":{"self":[{"href":"https:\/\/unatc.ro\/devunatc\/wp-json\/wp\/v2\/cariere_posturi\/16055","targetHints":{"allow":["GET"]}}],"collection":[{"href":"https:\/\/unatc.ro\/devunatc\/wp-json\/wp\/v2\/cariere_posturi"}],"about":[{"href":"https:\/\/unatc.ro\/devunatc\/wp-json\/wp\/v2\/types\/cariere_posturi"}],"wp:attachment":[{"href":"https:\/\/unatc.ro\/devunatc\/wp-json\/wp\/v2\/media?parent=16055"}],"wp:term":[{"taxonomy":"category","embeddable":true,"href":"https:\/\/unatc.ro\/devunatc\/wp-json\/wp\/v2\/categories?post=16055"}],"curies":[{"name":"wp","href":"https:\/\/api.w.org\/{rel}","templated":true}]}}